{"id":18120,"date":"2020-03-05T12:11:29","date_gmt":"2020-03-05T15:11:29","guid":{"rendered":"http:\/\/www.obispado-mdp.org.ar\/a\/?p=18120"},"modified":"2020-03-05T12:11:29","modified_gmt":"2020-03-05T15:11:29","slug":"panel-ecumenico-e-interreligioso-sobre-la-mujer-2","status":"publish","type":"post","link":"https:\/\/www.obispado-mdp.org.ar\/a\/panel-ecumenico-e-interreligioso-sobre-la-mujer-2\/","title":{"rendered":"PANEL ECUM\u00c9NICO E INTERRELIGIOSO SOBRE LA MUJER"},"content":{"rendered":"\n<p><strong>La Pastoral de la Mujer de la Iglesia de Mar del Plata, organiza una vez m\u00e1s, el panel ecum\u00e9nico e interreligioso el viernes 6 de marzo con motivo de celebrarse el d\u00eda internacional de la mujer. <\/strong><\/p>\n\n\n\n<p>El panel tendr\u00e1 expositoras que har\u00e1n hincapi\u00e9 en\nla capacidad de la mujer de encontrar los caminos para unir, crear, fortalecer,\nrelacionarnos, siempre en la b\u00fasqueda de la paz y la defensa de la vida.\nNuestra meta es mostrar a la mujer como alguien poderoso que puede lograr una\nprofunda transformaci\u00f3n desde su rol de madre, esposa, empleada o profesional,\ntrabajando activamente en su comunidad eclesial; as\u00ed es que representantes de\ndistintos credos y religiones expondr\u00e1n, desde su fe, con un lema atrapante:\nMUJER, CONFIO EN TI, CREO CONTIGO.<\/p>\n\n\n\n<p>El panel ser realizar\u00e1 el viernes 6 de marzo a las 19 hs en el Aula\nCardenal Pironio, pasaje Catedral 1750. <\/p>\n\n\n\n<p><strong>Expositores<\/strong><\/p>\n\n\n\n<ul><li>Iglesia Cristiana B\u00edblica &#8211; panelista presb\u00edtera<strong> Claudia Mingrino<\/strong>&nbsp; <\/li><li>Iglesia\nde Jesucristo y los Santos de los \u00faltimos d\u00edas &#8211; panelista <strong>Gloria Rodr\u00edguez de Ferreira <\/strong><\/li><li>SUIM-\nLa Sociedad Uni\u00f3n Israelita Marplatense &#8211; panelista <strong>Karina Rutois <\/strong><\/li><li>Centro\nIsl\u00e1mico Marplatense &#8211; panelista <strong>Mariam\nUm Kamal<\/strong> <\/li><li>Iglesia Cat\u00f3lica Apost\u00f3lica y Romana &#8211; panelista\nLicenciada <strong>Nora Pompa.<\/strong><\/li><\/ul>\n\n\n\n<p>Participan tambi\u00e9n:&nbsp; Iglesia\nOrtodoxa Rusa, Iglesia Evang\u00e9lica Bautista, Iglesias Unidas del R\u00edo de la Plata\n(Metodistas y Reformados), Movimiento Cristiano y Misionero, Iglesia Luterana.<\/p>\n\n\n\n<p>Cada panelista tendr\u00e1 una exposici\u00f3n de 15 minutos, luego los\nrepresentantes de los credos religiosos har\u00e1n un cierre con una oraci\u00f3n\necum\u00e9nica por la mujer.<\/p>\n","protected":false},"excerpt":{"rendered":"<p>La Pastoral de la Mujer de la Iglesia de Mar del Plata, organiza una vez m\u00e1s, el panel ecum\u00e9nico e interreligioso el viernes 6 de marzo con motivo de celebrarse el d\u00eda internacional de la mujer. El panel tendr\u00e1 expositoras que har\u00e1n hincapi\u00e9 en la capacidad de la mujer de encontrar los caminos para unir, [&hellip;]<\/p>\n","protected":false},"author":1,"featured_media":18122,"comment_status":"open","ping_status":"open","sticky":false,"template":"","format":"standard","meta":{"_et_pb_use_builder":"","_et_pb_old_content":"","_et_gb_content_width":""},"categories":[1],"tags":[],"aioseo_notices":[],"_links":{"self":[{"href":"https:\/\/www.obispado-mdp.org.ar\/a\/wp-json\/wp\/v2\/posts\/18120"}],"collection":[{"href":"https:\/\/www.obispado-mdp.org.ar\/a\/wp-json\/wp\/v2\/posts"}],"about":[{"href":"https:\/\/www.obispado-mdp.org.ar\/a\/wp-json\/wp\/v2\/types\/post"}],"author":[{"embeddable":true,"href":"https:\/\/www.obispado-mdp.org.ar\/a\/wp-json\/wp\/v2\/users\/1"}],"replies":[{"embeddable":true,"href":"https:\/\/www.obispado-mdp.org.ar\/a\/wp-json\/wp\/v2\/comments?post=18120"}],"version-history":[{"count":0,"href":"https:\/\/www.obispado-mdp.org.ar\/a\/wp-json\/wp\/v2\/posts\/18120\/revisions"}],"wp:featuredmedia":[{"embeddable":true,"href":"https:\/\/www.obispado-mdp.org.ar\/a\/wp-json\/"}],"wp:attachment":[{"href":"https:\/\/www.obispado-mdp.org.ar\/a\/wp-json\/wp\/v2\/media?parent=18120"}],"wp:term":[{"taxonomy":"category","embeddable":true,"href":"https:\/\/www.obispado-mdp.org.ar\/a\/wp-json\/wp\/v2\/categories?post=18120"},{"taxonomy":"post_tag","embeddable":true,"href":"https:\/\/www.obispado-mdp.org.ar\/a\/wp-json\/wp\/v2\/tags?post=18120"}],"curies":[{"name":"wp","href":"https:\/\/api.w.org\/{rel}","templated":true}]}}