{"id":18126,"date":"2020-03-06T08:53:43","date_gmt":"2020-03-06T11:53:43","guid":{"rendered":"http:\/\/www.obispado-mdp.org.ar\/a\/?p=18126"},"modified":"2020-03-06T08:53:43","modified_gmt":"2020-03-06T11:53:43","slug":"via-crucis-ribereno-en-necochea-hoy-viernes","status":"publish","type":"post","link":"https:\/\/www.obispado-mdp.org.ar\/a\/via-crucis-ribereno-en-necochea-hoy-viernes\/","title":{"rendered":"VIA CRUCIS RIBERE\u00d1O EN NECOCHEA &#8211; HOY VIERNES"},"content":{"rendered":"\n<p> <strong>Una nueva edici\u00f3n del V\u00eda Crucis Ribere\u00f1o se llevar\u00e1 a cabo en Necochea, hoy viernes a las 17 horas, uno de los principales acontecimientos que realiza la comunidad cat\u00f3lica en esta Cuaresma<\/strong><\/p>\n\n\n\n<p>La procesi\u00f3n ser\u00e1\nencabezada por el <strong>Obispo, Monse\u00f1or\nGabriel Mestre<\/strong>, contando con la presencia del Intendente Municipal, Dr.\nArturo Rojas y la organizaci\u00f3n de la Asociaci\u00f3n Amigos de Las Cascadas. junto\ncon las parroquias del distrito y el apoyo de la Secretar\u00eda de Turismo del\nmunicipio.<\/p>\n\n\n\n<p>El tradicional\nrecorrido a pie de 10 kil\u00f3metros bordeando el R\u00edo Quequ\u00e9n, arrancar\u00e1 en el\nPuente Taraborelli y culminar\u00e1 en el Paraje Las Cascadas, siendo el m\u00e1s extenso\nde la provincia, privilegiado por un maravilloso marco natural aportado por el\nr\u00edo<\/p>\n\n\n\n<p>Servir\u00e1 tambi\u00e9n\npara dejar inauguradas las recientes obras en las 5 estaciones que realiz\u00f3 la\nAsociaci\u00f3n y que se suman a las 4 ya iniciadas (algunas de las cuales sufrieron\nrecientes destrozos y han sido reparadas), dotando a la zona de mayor\nprestaci\u00f3n para quienes la visitan.<\/p>\n\n\n\n<p>En tanto, desde el\n\u00e1rea de Turismo, se confeccion\u00f3 un cartel informativo de considerables\ndimensiones a modo de demarcaci\u00f3n y gu\u00eda para todos los visitantes del lugar.<\/p>\n\n\n\n<p>Los devotos, a lo\nlargo del recorrido, parar\u00e1n en las diferentes estaciones, cumpliendo con las\noraciones correspondientes al camino recorrido por Jes\u00fas.<\/p>\n\n\n\n<p>El rezo del V\u00eda\nCrucis ser\u00e1 en el marco del per\u00edodo de cuaresma, previo a la Semana Santa, como\ntodos los viernes desde el mi\u00e9rcoles de ceniza hasta la pascua de resurrecci\u00f3n.<\/p>\n\n\n\n<figure class=\"wp-block-image size-large\"><img src=\"https:\/\/obispado-mdp.org.ar\/a\/wp-content\/uploads\/2020\/03\/VIA-CRUCIS-NECOCHEA-a-6-MARZO-1024x768.jpg\" alt=\"\" class=\"wp-image-18131\"\/><figcaption>Reuni\u00f3n de coordinaci\u00f3n entre el Municipio, la parroquia y los grupos organizadores   de la Asociaci\u00f3n Amigos de Las Cascadas. <\/figcaption><\/figure>\n","protected":false},"excerpt":{"rendered":"<p>Una nueva edici\u00f3n del V\u00eda Crucis Ribere\u00f1o se llevar\u00e1 a cabo en Necochea, hoy viernes a las 17 horas, uno de los principales acontecimientos que realiza la comunidad cat\u00f3lica en esta Cuaresma La procesi\u00f3n ser\u00e1 encabezada por el Obispo, Monse\u00f1or Gabriel Mestre, contando con la presencia del Intendente Municipal, Dr. Arturo Rojas y la organizaci\u00f3n [&hellip;]<\/p>\n","protected":false},"author":1,"featured_media":18130,"comment_status":"open","ping_status":"open","sticky":false,"template":"","format":"standard","meta":{"_et_pb_use_builder":"","_et_pb_old_content":"","_et_gb_content_width":""},"categories":[4,1],"tags":[],"aioseo_notices":[],"_links":{"self":[{"href":"https:\/\/www.obispado-mdp.org.ar\/a\/wp-json\/wp\/v2\/posts\/18126"}],"collection":[{"href":"https:\/\/www.obispado-mdp.org.ar\/a\/wp-json\/wp\/v2\/posts"}],"about":[{"href":"https:\/\/www.obispado-mdp.org.ar\/a\/wp-json\/wp\/v2\/types\/post"}],"author":[{"embeddable":true,"href":"https:\/\/www.obispado-mdp.org.ar\/a\/wp-json\/wp\/v2\/users\/1"}],"replies":[{"embeddable":true,"href":"https:\/\/www.obispado-mdp.org.ar\/a\/wp-json\/wp\/v2\/comments?post=18126"}],"version-history":[{"count":0,"href":"https:\/\/www.obispado-mdp.org.ar\/a\/wp-json\/wp\/v2\/posts\/18126\/revisions"}],"wp:featuredmedia":[{"embeddable":true,"href":"https:\/\/www.obispado-mdp.org.ar\/a\/wp-json\/"}],"wp:attachment":[{"href":"https:\/\/www.obispado-mdp.org.ar\/a\/wp-json\/wp\/v2\/media?parent=18126"}],"wp:term":[{"taxonomy":"category","embeddable":true,"href":"https:\/\/www.obispado-mdp.org.ar\/a\/wp-json\/wp\/v2\/categories?post=18126"},{"taxonomy":"post_tag","embeddable":true,"href":"https:\/\/www.obispado-mdp.org.ar\/a\/wp-json\/wp\/v2\/tags?post=18126"}],"curies":[{"name":"wp","href":"https:\/\/api.w.org\/{rel}","templated":true}]}}