{"id":18133,"date":"2020-03-06T11:30:29","date_gmt":"2020-03-06T14:30:29","guid":{"rendered":"http:\/\/www.obispado-mdp.org.ar\/a\/?p=18133"},"modified":"2020-03-06T11:30:29","modified_gmt":"2020-03-06T14:30:29","slug":"agenda-de-actividades-de-la-diocesis","status":"publish","type":"post","link":"https:\/\/www.obispado-mdp.org.ar\/a\/agenda-de-actividades-de-la-diocesis\/","title":{"rendered":"AGENDA DE ACTIVIDADES DE LA DIOCESIS"},"content":{"rendered":"\n<p> <strong>208 &#8211;<\/strong> <strong>Del viernes del 6 al 14 de marzo<\/strong> <\/p>\n\n\n\n<hr class=\"wp-block-separator\"\/>\n\n\n\n<h3 id=\"#panelecumenico\"><a href=\"#panelecumenico\">VIERNES 6: PANEL ECUM\u00c9NICO<\/a><\/h3>\n\n\n\n<p>PANEL ECUM\u00c9NICO E INTERRELIGIOSO SOBRE LA MUJER<\/p>\n\n\n\n<p><strong>La Pastoral de la Mujer de la Iglesia de\nMar del Plata, organiza una vez m\u00e1s, el panel ecum\u00e9nico e interreligioso el\nviernes 6 de marzo con motivo de celebrarse el d\u00eda internacional de la mujer. <\/strong><\/p>\n\n\n\n<p>El\npanel tendr\u00e1 expositoras que har\u00e1n hincapi\u00e9 en la capacidad de la mujer de\nencontrar los caminos para unir, crear, fortalecer, relacionarnos, siempre en\nla b\u00fasqueda de la paz y la defensa de la vida. Nuestra meta es mostrar a la\nmujer como alguien poderoso que puede lograr una profunda transformaci\u00f3n desde\nsu rol de madre, esposa, empleada o profesional, trabajando activamente en su\ncomunidad eclesial; as\u00ed es que representantes de distintos credos y religiones\nexpondr\u00e1n, desde su fe, con un lema atrapante: MUJER, CONFIO EN TI, CREO\nCONTIGO.<\/p>\n\n\n\n<p>El panel ser realizar\u00e1 el\nviernes 6 de marzo a las 19 hs en el Aula Cardenal Pironio, pasaje Catedral\n1750. <\/p>\n\n\n\n<p><strong>Expositores<\/strong><\/p>\n\n\n\n<ul><li>Iglesia\nCristiana B\u00edblica &#8211; panelista presb\u00edtera<strong>\nClaudia Mingrino<\/strong>&nbsp; <\/li><li>Iglesia de Jesucristo y los Santos de\nlos \u00faltimos d\u00edas &#8211; panelista <strong>Gloria\nRodr\u00edguez de Ferreira <\/strong><\/li><li>SUIM- La Sociedad Uni\u00f3n Israelita\nMarplatense &#8211; panelista <strong>Karina Rutois <\/strong><\/li><li>Centro Isl\u00e1mico Marplatense &#8211; panelista <strong>Mariam Um Kamal<\/strong> <\/li><li>Iglesia\nCat\u00f3lica Apost\u00f3lica y Romana &#8211; panelista Licenciada <strong>Nora Pompa.<\/strong><\/li><\/ul>\n\n\n\n<p>Participan tambi\u00e9n:&nbsp; Iglesia Ortodoxa Rusa, Iglesia Evang\u00e9lica\nBautista, Iglesias Unidas del R\u00edo de la Plata (Metodistas y Reformados),\nMovimiento Cristiano y Misionero, Iglesia Luterana.<\/p>\n\n\n\n<p>Cada panelista tendr\u00e1 una\nexposici\u00f3n de 15 minutos, luego los representantes de los credos religiosos\nhar\u00e1n un cierre con una oraci\u00f3n ecum\u00e9nica por la mujer.<\/p>\n\n\n\n<hr class=\"wp-block-separator\"\/>\n\n\n\n<h3 id=\"#viacrucis\">VIERNES 6: VIA CRUCIS NECOCHEA<\/h3>\n\n\n\n<p><strong>VIA CRUCIS RIBERE\u00d1O EN NECOCHEA<\/strong><\/p>\n\n\n\n<p><strong>Una nueva edici\u00f3n del V\u00eda Crucis Ribere\u00f1o se llevar\u00e1 a cabo en Necochea, hoy viernes a las 17 horas, uno de los principales acontecimientos que realiza la comunidad cat\u00f3lica en esta Cuaresma<\/strong><\/p>\n\n\n\n<p>La procesi\u00f3n ser\u00e1\nencabezada por el <strong>Obispo, Monse\u00f1or\nGabriel Mestre<\/strong>, contando con la presencia del Intendente Municipal, Dr.\nArturo Rojas y la organizaci\u00f3n de la Asociaci\u00f3n Amigos de Las Cascadas. junto\ncon las parroquias del distrito y el apoyo de la Secretar\u00eda de Turismo del\nmunicipio.<\/p>\n\n\n\n<p>El tradicional\nrecorrido a pie de 10 kil\u00f3metros bordeando el R\u00edo Quequ\u00e9n, arrancar\u00e1 en el\nPuente Taraborelli y culminar\u00e1 en el Paraje Las Cascadas, siendo el m\u00e1s extenso\nde la provincia, privilegiado por un maravilloso marco natural aportado por el\nr\u00edo<\/p>\n\n\n\n<p>Servir\u00e1 tambi\u00e9n\npara dejar inauguradas las recientes obras en las 5 estaciones que realiz\u00f3 la\nAsociaci\u00f3n y que se suman a las 4 ya iniciadas (algunas de las cuales sufrieron\nrecientes destrozos y han sido reparadas), dotando a la zona de mayor\nprestaci\u00f3n para quienes la visitan.<\/p>\n\n\n\n<p>En tanto, desde el\n\u00e1rea de Turismo, se confeccion\u00f3 un cartel informativo de considerables\ndimensiones a modo de demarcaci\u00f3n y gu\u00eda para todos los visitantes del lugar.<\/p>\n\n\n\n<p>Los devotos, a lo\nlargo del recorrido, parar\u00e1n en las diferentes estaciones, cumpliendo con las\noraciones correspondientes al camino recorrido por Jes\u00fas.<\/p>\n\n\n\n<p>El rezo del V\u00eda Crucis ser\u00e1 en el marco del per\u00edodo de cuaresma, previo a la Semana Santa, como todos los viernes desde el mi\u00e9rcoles de ceniza hasta la pascua de resurrecci\u00f3n.<\/p>\n\n\n\n<p><a href=\"https:\/\/obispado-mdp.org.ar\/a\/via-crucis-ribereno-en-necochea-hoy-viernes\/\">Saber m\u00e1s<\/a><\/p>\n\n\n\n<hr class=\"wp-block-separator\"\/>\n\n\n\n<h3 id=\"retiro\">S\u00c1BADO 7: Retiro para catequistas <\/h3>\n\n\n\n<p>\u201cFELIZ DE TI POR HABER CRE\u00cdDO\u201d, <\/p>\n\n\n\n<p><strong>Retiro para catequistas de la di\u00f3cesis y ser\u00e1 predicado por el Obispo\nAuxiliar Monse\u00f1or fray Dario Quintana el s\u00e1bado 7 de marzo desde las 9,30 hs.\nhasta las 16 hs. n el COLEGIO STELLA MARIS <\/strong><\/p>\n\n\n\n<p>Como todos los a\u00f1os desde el\nSecretariado Diocesano de Catequesis invita a todos los agentes de la\ncatequesis de la di\u00f3cesis a \u201cvivir la experiencia de un retiro espiritual para\ncomenzar el a\u00f1o pastoral-catequ\u00e9tico a los pies de Jes\u00fas, para escuchar su\nPalabra y sentirnos primereados por la gracia de Dios para ahondar nuestra\nvivencia, renovar nuestra transmisi\u00f3n y desplegar a\u00fan m\u00e1s nuestro compromiso de\nla fe\u201d, dice el Padre Fernando Mendoza, Director diocesano de Catequesis<\/p>\n\n\n\n<p>El tema del retiro ser\u00e1: \u201cFELIZ DE TI\nPOR HABER CRE\u00cdDO\u201d, y ser\u00e1 predicado por el Obispo Auxiliar Monse\u00f1or fray Dario\nQuintana el s\u00e1bado 7 de marzo desde las 9,30 hs. en el COLEGIO STELLA MARIS\ningresando por la calle Mendoza 2300 (Entre Falucho y Brown)<\/p>\n\n\n\n<hr class=\"wp-block-separator\"\/>\n\n\n\n<p><\/p>\n\n\n\n<h3>S\u00c1BADO 7: BENDICI\u00d3N DE COMPETENCIA<\/h3>\n\n\n\n<p>\u201cSEXTO CRUCE ACUATICO SOLIDARIO DE LUNA LLENA\u201d, <\/p>\n\n\n\n<p><strong>El Obispo bendecir\u00e1 y formar\u00e1 parte de la sexta edici\u00f3n del Cruce\nAcu\u00e1tico Solidario de luna llena el s\u00e1bado 7 de marzo, a las 17, en la playa de\nla Base Naval.<\/strong><\/p>\n\n\n\n<p>La organizaci\u00f3n de este tradicional cruce\nsocial, solidario, deportivo y recreativo es coordinada por el equipo de\nnataci\u00f3n master del Club Atl\u00e9tico Once Unidos y &nbsp;tiene por lema \u201cnadar para ayudar\u201d, y el costo\nde la inscripci\u00f3n es la entrega de dos productos no perecederos por\nparticipante, los cuales ser\u00e1n donados al comedor \u201cLos Peques\u201d y el comedor\ninfantil \u201cLa Casita de Aeroparque\u201d.<\/p>\n\n\n\n<p>El recorrido ser\u00e1 de aproximadamente\n500 metros, desde la d\u00e1rsena del Club N\u00e1utico hasta la d\u00e1rsena norte de la Base\nNaval. La traves\u00eda ser\u00e1 en un entorno protegido, en aguas calmas, sin rompiente\nde olas, y a solo 15 metros de la orilla.<\/p>\n\n\n\n<p>La seguridad de esta prueba estar\u00e1 a cargo del Sindicato de Guardavidas y Afines de Mar del Plata y Salva Surf.<\/p>\n\n\n\n<hr class=\"wp-block-separator\"\/>\n\n\n\n<h3>MIERCOLES 11 \u2013 VILLA GESELL<br>RETIROS DE CUARESMA CON EL OBISPO<\/h3>\n\n\n\n<p><strong>El Obispo Gabriel Mestre brindar\u00e1 una serie de retiros por la Cuaresma en distintas parroquias de la di\u00f3cesis durante este mes de marzo. El calendario es el siguiente:<\/strong><\/p>\n\n\n\n<ul><li><strong>Mi\u00e9rcoles 11<\/strong> &#8211; VILLA GESELL. De 20 a 21:45 &#8211;\nParroquia Inmaculada Concepci\u00f3n &#8211; Av. Buenos Aires N\u00ba 401.<\/li><\/ul>\n\n\n\n<ul><li><strong>Mi\u00e9rcoles 18<\/strong> &#8211; NECOCHEA. De 19 a 20:45 &#8211; Parroquia\nSanta Mar\u00eda del Carmen &#8211; Calle 61 N\u00ba 2663.<\/li><\/ul>\n\n\n\n<ul><li><strong>Jueves 26&nbsp;&#8211;<\/strong> BALCARCE. De 19 a 20:45 &#8211; Parroquia San\nJos\u00e9 &#8211; Calle 18 N\u00ba 567.<\/li><\/ul>\n\n\n\n<ul><li><strong>Viernes 27<\/strong> &#8211; MAR DEL PLATA. De 19 a 20:45 &#8211;\nIglesia Catedral &#8211; Calles San Mart\u00edn y Mitre.<\/li><\/ul>\n\n\n\n<hr class=\"wp-block-separator\"\/>\n\n\n\n<h3>SABADO 14: <strong><br><\/strong>CONDUCCI\u00d3N POL\u00cdTICA Y CULTIVO DE LA INTERIORIDAD<\/h3>\n\n\n\n<p><strong>El padre Obispo Gabriel Mestre de invit\u00f3, un a\u00f1o m\u00e1s, a participar de la jornada de meditaci\u00f3n a pol\u00edticos, sindicalistas y dirigentes sociales del sur de la 5ta Secci\u00f3n Electoral de la provincia de Buenos Aires, que este a\u00f1o se realizar\u00e1 con el lema: \u201cConducci\u00f3n pol\u00edtica y cultivo de la interioridad\u201d<\/strong><\/p>\n\n\n\n<p>La jornada de reflexi\u00f3n\nse realizar\u00e1 el s\u00e1bado 14 de marzo de 2020, de 9,30 a 13,30hs. en la Casa\nDiocesana de Ejercicios San Francisco y Santa Clara de As\u00eds, ubicada en\nYanquetruz y Los Caroya, en el Bosque Peralta Ramos, Mar del Plata.<\/p>\n\n\n\n<p>Participaci\u00f3n\nGratuita. Se pedir\u00e1 una colaboraci\u00f3n econ\u00f3mica libre destinada al sostenimiento\ndel Hogar de Nazaret de Caritas para los hermanos en situaci\u00f3n de calle.<\/p>\n\n\n\n<p>El evento es\norganizado por la Pastoral Social de la di\u00f3cesis.<\/p>\n\n\n\n<figure class=\"wp-container-2 wp-block-gallery-1 wp-block-gallery columns-3 is-cropped\"><ul class=\"blocks-gallery-grid\"><li class=\"blocks-gallery-item\"><figure><img src=\"https:\/\/obispado-mdp.org.ar\/a\/wp-content\/uploads\/2020\/03\/DIA-DE-LA-MUJER-6-DE-MARZO.png\" alt=\"\" data-id=\"18141\" data-link=\"https:\/\/obispado-mdp.org.ar\/a\/agenda-de-actividades-de-la-diocesis\/dia-de-la-mujer-6-de-marzo-2\/\" class=\"wp-image-18141\"\/><\/figure><\/li><li class=\"blocks-gallery-item\"><figure><img src=\"https:\/\/obispado-mdp.org.ar\/a\/wp-content\/uploads\/2020\/03\/Retiros-Cuaresma-General-obispo-maarzo-2020-716x1024.jpg\" alt=\"\" data-id=\"18142\" data-link=\"https:\/\/obispado-mdp.org.ar\/a\/agenda-de-actividades-de-la-diocesis\/retiros-cuaresma-general-obispo-maarzo-2020\/\" class=\"wp-image-18142\"\/><\/figure><\/li><li class=\"blocks-gallery-item\"><figure><img src=\"https:\/\/obispado-mdp.org.ar\/a\/wp-content\/uploads\/2020\/03\/VIA-CRUCIS-NECOCHEA-6-MARZO-2.jpg\" alt=\"\" data-id=\"18143\" data-link=\"https:\/\/obispado-mdp.org.ar\/a\/agenda-de-actividades-de-la-diocesis\/via-crucis-necochea-6-marzo-2-2\/\" class=\"wp-image-18143\"\/><\/figure><\/li><li class=\"blocks-gallery-item\"><figure><img src=\"https:\/\/obispado-mdp.org.ar\/a\/wp-content\/uploads\/2020\/03\/RETIRO-DIOCESANO-CATEQUESIS-7-de-marzo.jpg\" alt=\"\" data-id=\"18144\" data-full-url=\"https:\/\/obispado-mdp.org.ar\/a\/wp-content\/uploads\/2020\/03\/RETIRO-DIOCESANO-CATEQUESIS-7-de-marzo.jpg\" data-link=\"https:\/\/obispado-mdp.org.ar\/a\/agenda-de-actividades-de-la-diocesis\/retiro-diocesano-catequesis-7-de-marzo\/\" class=\"wp-image-18144\"\/><\/figure><\/li><\/ul><\/figure>\n","protected":false},"excerpt":{"rendered":"<p>208 &#8211; Del viernes del 6 al 14 de marzo VIERNES 6: PANEL ECUM\u00c9NICO PANEL ECUM\u00c9NICO E INTERRELIGIOSO SOBRE LA MUJER La Pastoral de la Mujer de la Iglesia de Mar del Plata, organiza una vez m\u00e1s, el panel ecum\u00e9nico e interreligioso el viernes 6 de marzo con motivo de celebrarse el d\u00eda internacional de [&hellip;]<\/p>\n","protected":false},"author":1,"featured_media":18314,"comment_status":"open","ping_status":"open","sticky":false,"template":"","format":"standard","meta":{"_et_pb_use_builder":"on","_et_pb_old_content":"<!-- wp:paragraph -->\n<p><\/p>\n<!-- \/wp:paragraph -->\n\n<!-- wp:paragraph -->\n<p><strong>208 -<\/strong> <strong>Del viernes del 6 al 14 de marzo<\/strong> <\/p>\n<!-- \/wp:paragraph -->\n\n<!-- wp:paragraph -->\n<p><\/p>\n<!-- \/wp:paragraph -->\n\n<!-- wp:paragraph -->\n<p>VIERNES 6: PANEL ECUM\u00c9NICO<strong><br><\/strong>PANEL ECUM\u00c9NICO E INTERRELIGIOSO SOBRE LA MUJER<\/p>\n<!-- \/wp:paragraph -->\n\n<!-- wp:paragraph -->\n<p><strong>La Pastoral de la Mujer de la Iglesia de\nMar del Plata, organiza una vez m\u00e1s, el panel ecum\u00e9nico e interreligioso el\nviernes 6 de marzo con motivo de celebrarse el d\u00eda internacional de la mujer. <\/strong><\/p>\n<!-- \/wp:paragraph -->\n\n<!-- wp:paragraph -->\n<p>El\npanel tendr\u00e1 expositoras que har\u00e1n hincapi\u00e9 en la capacidad de la mujer de\nencontrar los caminos para unir, crear, fortalecer, relacionarnos, siempre en\nla b\u00fasqueda de la paz y la defensa de la vida. Nuestra meta es mostrar a la\nmujer como alguien poderoso que puede lograr una profunda transformaci\u00f3n desde\nsu rol de madre, esposa, empleada o profesional, trabajando activamente en su\ncomunidad eclesial; as\u00ed es que representantes de distintos credos y religiones\nexpondr\u00e1n, desde su fe, con un lema atrapante: MUJER, CONFIO EN TI, CREO\nCONTIGO.<\/p>\n<!-- \/wp:paragraph -->\n\n<!-- wp:paragraph -->\n<p>El panel ser realizar\u00e1 el\nviernes 6 de marzo a las 19 hs en el Aula Cardenal Pironio, pasaje Catedral\n1750. <\/p>\n<!-- \/wp:paragraph -->\n\n<!-- wp:paragraph -->\n<p><strong>Expositores<\/strong><\/p>\n<!-- \/wp:paragraph -->\n\n<!-- wp:list -->\n<ul><li>Iglesia\nCristiana B\u00edblica - panelista presb\u00edtera<strong>\nClaudia Mingrino<\/strong>&nbsp; <\/li><li>Iglesia de Jesucristo y los Santos de\nlos \u00faltimos d\u00edas - panelista <strong>Gloria\nRodr\u00edguez de Ferreira <\/strong><\/li><li>SUIM- La Sociedad Uni\u00f3n Israelita\nMarplatense - panelista <strong>Karina Rutois <\/strong><\/li><li>Centro Isl\u00e1mico Marplatense - panelista <strong>Mariam Um Kamal<\/strong> <\/li><li>Iglesia\nCat\u00f3lica Apost\u00f3lica y Romana - panelista Licenciada <strong>Nora Pompa.<\/strong><\/li><\/ul>\n<!-- \/wp:list -->\n\n<!-- wp:paragraph -->\n<p>Participan tambi\u00e9n:&nbsp; Iglesia Ortodoxa Rusa, Iglesia Evang\u00e9lica\nBautista, Iglesias Unidas del R\u00edo de la Plata (Metodistas y Reformados),\nMovimiento Cristiano y Misionero, Iglesia Luterana.<\/p>\n<!-- \/wp:paragraph -->\n\n<!-- wp:paragraph -->\n<p>Cada panelista tendr\u00e1 una\nexposici\u00f3n de 15 minutos, luego los representantes de los credos religiosos\nhar\u00e1n un cierre con una oraci\u00f3n ecum\u00e9nica por la mujer.<\/p>\n<!-- \/wp:paragraph -->\n\n<!-- wp:paragraph -->\n<p>VIERNES 6: VIA\nCRUCIS NECOCHEA<strong><br>\n<\/strong>VIA CRUCIS RIBERE\u00d1O EN NECOCHEA<br>\n<strong>Una nueva edici\u00f3n del V\u00eda Crucis\nRibere\u00f1o se llevar\u00e1 a cabo en Necochea, hoy viernes a las 17 horas, uno de los\nprincipales acontecimientos que realiza la comunidad cat\u00f3lica en esta Cuaresma<\/strong><\/p>\n<!-- \/wp:paragraph -->\n\n<!-- wp:paragraph -->\n<p>La procesi\u00f3n ser\u00e1\nencabezada por el <strong>Obispo, Monse\u00f1or\nGabriel Mestre<\/strong>, contando con la presencia del Intendente Municipal, Dr.\nArturo Rojas y la organizaci\u00f3n de la Asociaci\u00f3n Amigos de Las Cascadas. junto\ncon las parroquias del distrito y el apoyo de la Secretar\u00eda de Turismo del\nmunicipio.<\/p>\n<!-- \/wp:paragraph -->\n\n<!-- wp:paragraph -->\n<p>El tradicional\nrecorrido a pie de 10 kil\u00f3metros bordeando el R\u00edo Quequ\u00e9n, arrancar\u00e1 en el\nPuente Taraborelli y culminar\u00e1 en el Paraje Las Cascadas, siendo el m\u00e1s extenso\nde la provincia, privilegiado por un maravilloso marco natural aportado por el\nr\u00edo<\/p>\n<!-- \/wp:paragraph -->\n\n<!-- wp:paragraph -->\n<p>Servir\u00e1 tambi\u00e9n\npara dejar inauguradas las recientes obras en las 5 estaciones que realiz\u00f3 la\nAsociaci\u00f3n y que se suman a las 4 ya iniciadas (algunas de las cuales sufrieron\nrecientes destrozos y han sido reparadas), dotando a la zona de mayor\nprestaci\u00f3n para quienes la visitan.<\/p>\n<!-- \/wp:paragraph -->\n\n<!-- wp:paragraph -->\n<p>En tanto, desde el\n\u00e1rea de Turismo, se confeccion\u00f3 un cartel informativo de considerables\ndimensiones a modo de demarcaci\u00f3n y gu\u00eda para todos los visitantes del lugar.<\/p>\n<!-- \/wp:paragraph -->\n\n<!-- wp:paragraph -->\n<p>Los devotos, a lo\nlargo del recorrido, parar\u00e1n en las diferentes estaciones, cumpliendo con las\noraciones correspondientes al camino recorrido por Jes\u00fas.<\/p>\n<!-- \/wp:paragraph -->\n\n<!-- wp:paragraph -->\n<p>El rezo del V\u00eda\nCrucis ser\u00e1 en el marco del per\u00edodo de cuaresma, previo a la Semana Santa, como\ntodos los viernes desde el mi\u00e9rcoles de ceniza hasta la pascua de resurrecci\u00f3n.<\/p>\n<!-- \/wp:paragraph -->\n\n<!-- wp:paragraph -->\n<p><\/p>\n<!-- \/wp:paragraph -->\n\n<!-- wp:paragraph -->\n<p><\/p>\n<!-- \/wp:paragraph -->\n\n<!-- wp:paragraph -->\n<p>SABADO 7: Retiro para catequistas <\/p>\n<!-- \/wp:paragraph -->\n\n<!-- wp:paragraph -->\n<p>\u201cFELIZ DE TI POR HABER CRE\u00cdDO\u201d, <\/p>\n<!-- \/wp:paragraph -->\n\n<!-- wp:paragraph -->\n<p><strong>Retiro para catequistas de la di\u00f3cesis y ser\u00e1 predicado por el Obispo\nAuxiliar Monse\u00f1or fray Dario Quintana el s\u00e1bado 7 de marzo desde las 9,30 hs.\nhasta las 16 hs. n el COLEGIO STELLA MARIS <\/strong><\/p>\n<!-- \/wp:paragraph -->\n\n<!-- wp:paragraph -->\n<p>Como todos los a\u00f1os desde el\nSecretariado Diocesano de Catequesis invita a todos los agentes de la\ncatequesis de la di\u00f3cesis a \u201cvivir la experiencia de un retiro espiritual para\ncomenzar el a\u00f1o pastoral-catequ\u00e9tico a los pies de Jes\u00fas, para escuchar su\nPalabra y sentirnos primereados por la gracia de Dios para ahondar nuestra\nvivencia, renovar nuestra transmisi\u00f3n y desplegar a\u00fan m\u00e1s nuestro compromiso de\nla fe\u201d, dice el Padre Fernando Mendoza, Director diocesano de Catequesis<\/p>\n<!-- \/wp:paragraph -->\n\n<!-- wp:paragraph -->\n<p>El tema del retiro ser\u00e1: \u201cFELIZ DE TI\nPOR HABER CRE\u00cdDO\u201d, y ser\u00e1 predicado por el Obispo Auxiliar Monse\u00f1or fray Dario\nQuintana el s\u00e1bado 7 de marzo desde las 9,30 hs. en el COLEGIO STELLA MARIS\ningresando por la calle Mendoza 2300 (Entre Falucho y Brown)<\/p>\n<!-- \/wp:paragraph -->\n\n<!-- wp:paragraph -->\n<p>SABADO 7: BENDICION DE COMPETENCIA<\/p>\n<!-- \/wp:paragraph -->\n\n<!-- wp:paragraph -->\n<p>\u201cSEXTO CRUCE ACUATICO SOLIDARIO DE LUNA LLENA\u201d, <\/p>\n<!-- \/wp:paragraph -->\n\n<!-- wp:paragraph -->\n<p><strong>El Obispo bendecir\u00e1 y formar\u00e1 parte de la sexta edici\u00f3n del Cruce\nAcu\u00e1tico Solidario de luna llena el s\u00e1bado 7 de marzo, a las 17, en la playa de\nla Base Naval.<\/strong><\/p>\n<!-- \/wp:paragraph -->\n\n<!-- wp:paragraph -->\n<p>La organizaci\u00f3n de este tradicional cruce\nsocial, solidario, deportivo y recreativo es coordinada por el equipo de\nnataci\u00f3n master del Club Atl\u00e9tico Once Unidos y &nbsp;tiene por lema \u201cnadar para ayudar\u201d, y el costo\nde la inscripci\u00f3n es la entrega de dos productos no perecederos por\nparticipante, los cuales ser\u00e1n donados al comedor \u201cLos Peques\u201d y el comedor\ninfantil \u201cLa Casita de Aeroparque\u201d.<\/p>\n<!-- \/wp:paragraph -->\n\n<!-- wp:paragraph -->\n<p>El recorrido ser\u00e1 de aproximadamente\n500 metros, desde la d\u00e1rsena del Club N\u00e1utico hasta la d\u00e1rsena norte de la Base\nNaval. La traves\u00eda ser\u00e1 en un entorno protegido, en aguas calmas, sin rompiente\nde olas, y a solo 15 metros de la orilla.<\/p>\n<!-- \/wp:paragraph -->\n\n<!-- wp:paragraph -->\n<p>La seguridad de esta prueba estar\u00e1 a cargo del Sindicato de Guardavidas\ny Afines de Mar del Plata y Salva Surf.<br>\n<br>\n<\/p>\n<!-- \/wp:paragraph -->\n\n<!-- wp:paragraph -->\n<p>&lt;MIERCOLES\n11 \u2013 VILLA GESELL<br>\nRETIROS DE CUARESMA CON EL OBISPO<br>\n<strong>El Obispo Gabriel Mestre brindar\u00e1 una\nserie de retiros por la Cuaresma en distintas parroquias de la di\u00f3cesis durante\neste mes de marzo. El calendario es el siguiente:<\/strong><\/p>\n<!-- \/wp:paragraph -->\n\n<!-- wp:list -->\n<ul><li><strong>Mi\u00e9rcoles 11<\/strong> - VILLA GESELL. De 20 a 21:45 -\nParroquia Inmaculada Concepci\u00f3n - Av. Buenos Aires N\u00ba 401.<\/li><\/ul>\n<!-- \/wp:list -->\n\n<!-- wp:list -->\n<ul><li><strong>Mi\u00e9rcoles 18<\/strong> - NECOCHEA. De 19 a 20:45 - Parroquia\nSanta Mar\u00eda del Carmen - Calle 61 N\u00ba 2663.<\/li><\/ul>\n<!-- \/wp:list -->\n\n<!-- wp:list -->\n<ul><li><strong>Jueves 26&nbsp;-<\/strong> BALCARCE. De 19 a 20:45 - Parroquia San\nJos\u00e9 - Calle 18 N\u00ba 567.<\/li><\/ul>\n<!-- \/wp:list -->\n\n<!-- wp:list -->\n<ul><li><strong>Viernes 27<\/strong> - MAR DEL PLATA. De 19 a 20:45 -\nIglesia Catedral - Calles San Mart\u00edn y Mitre.<\/li><\/ul>\n<!-- \/wp:list -->\n\n<!-- wp:paragraph -->\n<p>SABADO 14: <strong><br>\n<\/strong>CONDUCCION POLITICA Y CULTIVO DE LA INTERIORIDAD<br>\n<strong>El padre Obispo Gabriel Mestre de\ninvit\u00f3, un a\u00f1o m\u00e1s, a participar de la jornada de meditaci\u00f3n a<\/strong><strong>\n<\/strong><strong>pol\u00edticos, sindicalistas y dirigentes\nsociales del sur de la 5ta Secci\u00f3n Electoral de la provincia de Buenos Aires, que\neste a\u00f1o se realizar\u00e1 con el lema: \u201cConducci\u00f3n pol\u00edtica y cultivo de la\ninterioridad\u201d<\/strong><\/p>\n<!-- \/wp:paragraph -->\n\n<!-- wp:paragraph -->\n<p>La jornada de reflexi\u00f3n\nse realizar\u00e1 el s\u00e1bado 14 de marzo de 2020, de 9,30 a 13,30hs. en la Casa\nDiocesana de Ejercicios San Francisco y Santa Clara de As\u00eds, ubicada en\nYanquetruz y Los Caroya, en el Bosque Peralta Ramos, Mar del Plata.<\/p>\n<!-- \/wp:paragraph -->\n\n<!-- wp:paragraph -->\n<p>Participaci\u00f3n\nGratuita. Se pedir\u00e1 una colaboraci\u00f3n econ\u00f3mica libre destinada al sostenimiento\ndel Hogar de Nazaret de Caritas para los hermanos en situaci\u00f3n de calle.<\/p>\n<!-- \/wp:paragraph -->\n\n<!-- wp:paragraph -->\n<p>El evento es\norganizado por la Pastoral Social de la di\u00f3cesis.<\/p>\n<!-- \/wp:paragraph -->","_et_gb_content_width":""},"categories":[4,1],"tags":[],"aioseo_notices":[],"_links":{"self":[{"href":"https:\/\/www.obispado-mdp.org.ar\/a\/wp-json\/wp\/v2\/posts\/18133"}],"collection":[{"href":"https:\/\/www.obispado-mdp.org.ar\/a\/wp-json\/wp\/v2\/posts"}],"about":[{"href":"https:\/\/www.obispado-mdp.org.ar\/a\/wp-json\/wp\/v2\/types\/post"}],"author":[{"embeddable":true,"href":"https:\/\/www.obispado-mdp.org.ar\/a\/wp-json\/wp\/v2\/users\/1"}],"replies":[{"embeddable":true,"href":"https:\/\/www.obispado-mdp.org.ar\/a\/wp-json\/wp\/v2\/comments?post=18133"}],"version-history":[{"count":0,"href":"https:\/\/www.obispado-mdp.org.ar\/a\/wp-json\/wp\/v2\/posts\/18133\/revisions"}],"wp:featuredmedia":[{"embeddable":true,"href":"https:\/\/www.obispado-mdp.org.ar\/a\/wp-json\/"}],"wp:attachment":[{"href":"https:\/\/www.obispado-mdp.org.ar\/a\/wp-json\/wp\/v2\/media?parent=18133"}],"wp:term":[{"taxonomy":"category","embeddable":true,"href":"https:\/\/www.obispado-mdp.org.ar\/a\/wp-json\/wp\/v2\/categories?post=18133"},{"taxonomy":"post_tag","embeddable":true,"href":"https:\/\/www.obispado-mdp.org.ar\/a\/wp-json\/wp\/v2\/tags?post=18133"}],"curies":[{"name":"wp","href":"https:\/\/api.w.org\/{rel}","templated":true}]}}