{"id":18147,"date":"2020-03-07T08:35:11","date_gmt":"2020-03-07T11:35:11","guid":{"rendered":"http:\/\/www.obispado-mdp.org.ar\/a\/?p=18147"},"modified":"2020-03-07T08:35:11","modified_gmt":"2020-03-07T11:35:11","slug":"el-obispo-encabezo-el-via-crucis-ribereno-e-inauguro-estaciones-en-necochea","status":"publish","type":"post","link":"https:\/\/www.obispado-mdp.org.ar\/a\/el-obispo-encabezo-el-via-crucis-ribereno-e-inauguro-estaciones-en-necochea\/","title":{"rendered":"EL OBISPO ENCABEZO EL VIA CRUCIS RIBERE\u00d1O E INAUGURO ESTACIONES EN NECOCHEA"},"content":{"rendered":"\n<p>Un nutrido marco de fieles y vecinos particip\u00f3 activamente este viernes de la procesi\u00f3n por las distintas estaciones del renovado V\u00eda Crucis ribere\u00f1o con la presencia del obispo de Mar del Plata, Mons Gabriel Mestre.<\/p>\n\n\n\n<p>La ocasi\u00f3n fue propicia para dejar inauguradas las 5 nuevas estaciones constru\u00eddas por la Asociaci\u00f3n Amigos del Paraje Las Cascadas, adem\u00e1s de las 4 que fueron reparadas luego de sufrir actos de vandalismo en los \u00faltimos d\u00edas.<br> La procesi\u00f3n, de m\u00e1s de 10 kil\u00f3metros, se inici\u00f3 en el Puente Taraborelli hasta llegar al paraje Las Cascadas, convirti\u00e9ndose en la m\u00e1s larga de la Provincia, con el agregado que se realiza en un magn\u00edfico marco natural. Participaron tambi\u00e9n miembros de las distintas parroquias de nuestro medio<br> Hasta el lugar de partida de la procesi\u00f3n llegaron el intendente Arturo Rojas y la secretaria de Turismo, Andrea Sabatini, quienes subrayaron el trabajo que vienen realizando los miembros de la Asociaci\u00f3n Amigos del Para Las Cascadas, entidad presidida por Carlos Kelly, y anunciaron algunas mejoras para el sector.<\/p>\n\n\n\n<figure class=\"wp-container-2 wp-block-gallery-1 wp-block-gallery columns-2 is-cropped\"><ul class=\"blocks-gallery-grid\"><li class=\"blocks-gallery-item\"><figure><img src=\"https:\/\/obispado-mdp.org.ar\/a\/wp-content\/uploads\/2020\/03\/IMG-20200307-WA0006-1024x682.jpg\" alt=\"\" data-id=\"18149\" data-link=\"https:\/\/obispado-mdp.org.ar\/a\/?attachment_id=18149\" class=\"wp-image-18149\"\/><\/figure><\/li><li class=\"blocks-gallery-item\"><figure><img src=\"https:\/\/obispado-mdp.org.ar\/a\/wp-content\/uploads\/2020\/03\/IMG-20200307-WA0007-1024x682.jpg\" alt=\"\" data-id=\"18150\" data-full-url=\"https:\/\/obispado-mdp.org.ar\/a\/wp-content\/uploads\/2020\/03\/IMG-20200307-WA0007.jpg\" data-link=\"https:\/\/obispado-mdp.org.ar\/a\/?attachment_id=18150\" class=\"wp-image-18150\"\/><\/figure><\/li><\/ul><\/figure>\n\n\n\n<figure class=\"wp-block-image size-large\"><img src=\"https:\/\/obispado-mdp.org.ar\/a\/wp-content\/uploads\/2020\/03\/IMG-20200307-WA0005-1-1024x682.jpg\" alt=\"\" class=\"wp-image-18153\"\/><\/figure>\n\n\n\n<p><\/p>\n\n\n\n<figure class=\"wp-block-image size-large\"><img src=\"https:\/\/obispado-mdp.org.ar\/a\/wp-content\/uploads\/2020\/03\/IMG-20200307-WA0005-3-1024x682.jpg\" alt=\"\" class=\"wp-image-18159\"\/><\/figure>\n","protected":false},"excerpt":{"rendered":"<p>Un nutrido marco de fieles y vecinos particip\u00f3 activamente este viernes de la procesi\u00f3n por las distintas estaciones del renovado V\u00eda Crucis ribere\u00f1o con la presencia del obispo de Mar del Plata, Mons Gabriel Mestre. La ocasi\u00f3n fue propicia para dejar inauguradas las 5 nuevas estaciones constru\u00eddas por la Asociaci\u00f3n Amigos del Paraje Las Cascadas, [&hellip;]<\/p>\n","protected":false},"author":1,"featured_media":18159,"comment_status":"open","ping_status":"open","sticky":false,"template":"","format":"standard","meta":{"_et_pb_use_builder":"off","_et_pb_old_content":"<!-- wp:paragraph -->\n<p>Un nutrido marco de fieles y vecinos particip\u00f3 activamente este viernes de la procesi\u00f3n por las distintas estaciones del renovado V\u00eda Crucis ribere\u00f1o con la presencia del obispo de Mar del Plata, Mons Gabriel Mestre.<\/p>\n<!-- \/wp:paragraph -->\n\n<!-- wp:paragraph -->\n<p>La ocasi\u00f3n fue propicia para dejar inauguradas las 5 nuevas estaciones constru\u00eddas por la Asociaci\u00f3n Amigos del Paraje Las Cascadas, adem\u00e1s de las 4 que fueron reparadas luego de sufrir actos de vandalismo en los \u00faltimos d\u00edas.<br> La procesi\u00f3n, de m\u00e1s de 10 kil\u00f3metros, se inici\u00f3 en el Puente Taraborelli hasta llegar al paraje Las Cascadas, convirti\u00e9ndose en la m\u00e1s larga de la Provincia, con el agregado que se realiza en un magn\u00edfico marco natural. Participaron tambi\u00e9n miembros de las distintas parroquias de nuestro medio<br> Hasta el lugar de partida de la procesi\u00f3n llegaron el intendente Arturo Rojas y la secretaria de Turismo, Andrea Sabatini, quienes subrayaron el trabajo que vienen realizando los miembros de la Asociaci\u00f3n Amigos del Para Las Cascadas, entidad presidida por Carlos Kelly, y anunciaron algunas mejoras para el sector.<\/p>\n<!-- \/wp:paragraph -->\n\n<!-- wp:gallery {\"ids\":[\"18149\",\"18150\"]} -->\n<figure class=\"wp-block-gallery columns-2 is-cropped\"><ul class=\"blocks-gallery-grid\"><li class=\"blocks-gallery-item\"><figure><img src=\"https:\/\/obispado-mdp.org.ar\/a\/wp-content\/uploads\/2020\/03\/IMG-20200307-WA0006-1024x682.jpg\" alt=\"\" data-id=\"18149\" data-link=\"https:\/\/obispado-mdp.org.ar\/a\/?attachment_id=18149\" class=\"wp-image-18149\"\/><\/figure><\/li><li class=\"blocks-gallery-item\"><figure><img src=\"https:\/\/obispado-mdp.org.ar\/a\/wp-content\/uploads\/2020\/03\/IMG-20200307-WA0007-1024x682.jpg\" alt=\"\" data-id=\"18150\" data-full-url=\"https:\/\/obispado-mdp.org.ar\/a\/wp-content\/uploads\/2020\/03\/IMG-20200307-WA0007.jpg\" data-link=\"https:\/\/obispado-mdp.org.ar\/a\/?attachment_id=18150\" class=\"wp-image-18150\"\/><\/figure><\/li><\/ul><\/figure>\n<!-- \/wp:gallery -->\n\n<!-- wp:image {\"id\":18153,\"sizeSlug\":\"large\"} -->\n<figure class=\"wp-block-image size-large\"><img src=\"https:\/\/obispado-mdp.org.ar\/a\/wp-content\/uploads\/2020\/03\/IMG-20200307-WA0005-1-1024x682.jpg\" alt=\"\" class=\"wp-image-18153\"\/><\/figure>\n<!-- \/wp:image -->\n\n<!-- wp:paragraph -->\n<p><\/p>\n<!-- \/wp:paragraph -->\n\n<!-- wp:image {\"id\":18159,\"sizeSlug\":\"large\"} -->\n<figure class=\"wp-block-image size-large\"><img src=\"https:\/\/obispado-mdp.org.ar\/a\/wp-content\/uploads\/2020\/03\/IMG-20200307-WA0005-3-1024x682.jpg\" alt=\"\" class=\"wp-image-18159\"\/><\/figure>\n<!-- \/wp:image -->","_et_gb_content_width":""},"categories":[12,1],"tags":[],"aioseo_notices":[],"_links":{"self":[{"href":"https:\/\/www.obispado-mdp.org.ar\/a\/wp-json\/wp\/v2\/posts\/18147"}],"collection":[{"href":"https:\/\/www.obispado-mdp.org.ar\/a\/wp-json\/wp\/v2\/posts"}],"about":[{"href":"https:\/\/www.obispado-mdp.org.ar\/a\/wp-json\/wp\/v2\/types\/post"}],"author":[{"embeddable":true,"href":"https:\/\/www.obispado-mdp.org.ar\/a\/wp-json\/wp\/v2\/users\/1"}],"replies":[{"embeddable":true,"href":"https:\/\/www.obispado-mdp.org.ar\/a\/wp-json\/wp\/v2\/comments?post=18147"}],"version-history":[{"count":0,"href":"https:\/\/www.obispado-mdp.org.ar\/a\/wp-json\/wp\/v2\/posts\/18147\/revisions"}],"wp:featuredmedia":[{"embeddable":true,"href":"https:\/\/www.obispado-mdp.org.ar\/a\/wp-json\/"}],"wp:attachment":[{"href":"https:\/\/www.obispado-mdp.org.ar\/a\/wp-json\/wp\/v2\/media?parent=18147"}],"wp:term":[{"taxonomy":"category","embeddable":true,"href":"https:\/\/www.obispado-mdp.org.ar\/a\/wp-json\/wp\/v2\/categories?post=18147"},{"taxonomy":"post_tag","embeddable":true,"href":"https:\/\/www.obispado-mdp.org.ar\/a\/wp-json\/wp\/v2\/tags?post=18147"}],"curies":[{"name":"wp","href":"https:\/\/api.w.org\/{rel}","templated":true}]}}