{"id":18262,"date":"2020-03-11T17:47:04","date_gmt":"2020-03-11T20:47:04","guid":{"rendered":"http:\/\/www.obispado-mdp.org.ar\/a\/?p=18262"},"modified":"2020-03-11T17:47:04","modified_gmt":"2020-03-11T20:47:04","slug":"comunicado-del-obispado-de-mar-del-plata-sobre-algunos-procedimientos-con-respecto-coronavirus","status":"publish","type":"post","link":"https:\/\/www.obispado-mdp.org.ar\/a\/comunicado-del-obispado-de-mar-del-plata-sobre-algunos-procedimientos-con-respecto-coronavirus\/","title":{"rendered":"COMUNICADO DEL OBISPADO DE MAR DEL PLATA  SOBRE ALGUNOS PROCEDIMIENTOS CON RESPECTO CORONAVIRUS"},"content":{"rendered":"\n<p><br> El obispo diocesano, Mons. Gabriel Mestre, junto a su obispo auxiliar Mons. <br> Dar\u00edo Quintana y los presb\u00edteros del colegio de consultores, expresamos nuestra preocupaci\u00f3n por la pandemia que aflige a algunos sectores de la poblaci\u00f3n mundial y tambi\u00e9n con enfermos en nuestra Patria. Nos proponemos colaborar con las autoridades civiles, a fin de llevar tranquilidad y a la vez colaborar tomando los recaudos sugeridos.<br> Invitamos a nuestras comunidades a orar a Dios Nuestro Se\u00f1or, pidiendo por la salud de quienes han sido afectados. Como siempre, animamos a los agentes pastorales a acompa\u00f1ar a todos los enfermos y sus familiares.<br> A partir del d\u00eda de la fecha se establece esta normativa para los 9 partidos que comprenden el territorio de la Di\u00f3cesis de Mar del Plata:<\/p>\n\n\n\n<ol><li>Deben tenerse en cuenta todas las disposiciones de las autoridades sanitarias, y en cada localidad de la Di\u00f3cesis se ha de actuar en absoluta consonancia con ellas.<\/li><li>En la celebraci\u00f3n de la Santa Misa, mientras se prolongue la situaci\u00f3n presente: <br> a) se omite el gesto del saludo de la paz; b) la comuni\u00f3n eucar\u00edstica se administrar\u00e1 solamente en la mano. c) quienes administran la comuni\u00f3n deber\u00e1n lavarse las manos antes y despu\u00e9s y utilizar alcohol en gel inmediatamente antes y despu\u00e9s de <br> dar la comuni\u00f3n.<\/li><li>Las personas que presentan s\u00edntomas de la enfermedad o est\u00e1n en contacto con  personas afectadas, no deben concurrir a las celebraciones lit\u00fargicas y reuniones.<\/li><li>Los fieles cristianos que no puedan participar de las celebraciones tendr\u00e1n la posibilidad de seguir la Santa Misa y unirse espiritualmente a su celebraci\u00f3n por radio, televisi\u00f3n o medios inform\u00e1ticos-digitales.<\/li><li>No se suspenden las Misas en los Templos y Capillas pero se han de aplicar los recaudos necesarios para evitar el contagio.<\/li><li>Se posterga hasta nuevo aviso la reuni\u00f3n de los sinodales prevista para el s\u00e1bado 21 de marzo en la ciudad de Mar del Plata.<\/li><li>Para cualquier reuni\u00f3n particular que se tenga dudas qu\u00e9 hacer en este contexto consultar de forma inmediata con Mons. Mestre, Mons. Quintana o el padre Alb\u00f3niga.<\/li><li>Estar atentos a las normativas que puedan emanar del Obispado a la luz de las nuevas situaciones que se pudieran dar en base de los planteos de las autoridades sanitarias con el correr de los d\u00edas.<br> Que la Bienaventurada Virgen, nuestra Madre de Luj\u00e1n, interceda por su pueblo,<br> nos asista y acompa\u00f1e siempre. <br> Mar del Plata, mi\u00e9rcoles 11 de marzo de 2020<\/li><\/ol>\n","protected":false},"excerpt":{"rendered":"<p>El obispo diocesano, Mons. Gabriel Mestre, junto a su obispo auxiliar Mons. Dar\u00edo Quintana y los presb\u00edteros del colegio de consultores, expresamos nuestra preocupaci\u00f3n por la pandemia que aflige a algunos sectores de la poblaci\u00f3n mundial y tambi\u00e9n con enfermos en nuestra Patria. Nos proponemos colaborar con las autoridades civiles, a fin de llevar tranquilidad [&hellip;]<\/p>\n","protected":false},"author":1,"featured_media":18316,"comment_status":"open","ping_status":"open","sticky":false,"template":"","format":"standard","meta":{"_et_pb_use_builder":"","_et_pb_old_content":"","_et_gb_content_width":""},"categories":[1],"tags":[],"aioseo_notices":[],"_links":{"self":[{"href":"https:\/\/www.obispado-mdp.org.ar\/a\/wp-json\/wp\/v2\/posts\/18262"}],"collection":[{"href":"https:\/\/www.obispado-mdp.org.ar\/a\/wp-json\/wp\/v2\/posts"}],"about":[{"href":"https:\/\/www.obispado-mdp.org.ar\/a\/wp-json\/wp\/v2\/types\/post"}],"author":[{"embeddable":true,"href":"https:\/\/www.obispado-mdp.org.ar\/a\/wp-json\/wp\/v2\/users\/1"}],"replies":[{"embeddable":true,"href":"https:\/\/www.obispado-mdp.org.ar\/a\/wp-json\/wp\/v2\/comments?post=18262"}],"version-history":[{"count":0,"href":"https:\/\/www.obispado-mdp.org.ar\/a\/wp-json\/wp\/v2\/posts\/18262\/revisions"}],"wp:featuredmedia":[{"embeddable":true,"href":"https:\/\/www.obispado-mdp.org.ar\/a\/wp-json\/"}],"wp:attachment":[{"href":"https:\/\/www.obispado-mdp.org.ar\/a\/wp-json\/wp\/v2\/media?parent=18262"}],"wp:term":[{"taxonomy":"category","embeddable":true,"href":"https:\/\/www.obispado-mdp.org.ar\/a\/wp-json\/wp\/v2\/categories?post=18262"},{"taxonomy":"post_tag","embeddable":true,"href":"https:\/\/www.obispado-mdp.org.ar\/a\/wp-json\/wp\/v2\/tags?post=18262"}],"curies":[{"name":"wp","href":"https:\/\/api.w.org\/{rel}","templated":true}]}}