{"id":18409,"date":"2020-03-21T09:11:16","date_gmt":"2020-03-21T12:11:16","guid":{"rendered":"http:\/\/www.obispado-mdp.org.ar\/a\/?p=18409"},"modified":"2020-03-21T09:11:16","modified_gmt":"2020-03-21T12:11:16","slug":"misa-del-sabado-21-de-marzo-de-2020","status":"publish","type":"post","link":"https:\/\/www.obispado-mdp.org.ar\/a\/misa-del-sabado-21-de-marzo-de-2020\/","title":{"rendered":"LA PASTORAL FAMILIAR COLABORA EN LA CAMPA\u00d1A #yomequedoencasaacompa\u00f1andote"},"content":{"rendered":"\n<p><\/p>\n\n\n\n<p>Queridos Hermanos la situaci\u00f3n que estamos viviendo amerita que como pastoral familiar podamos dar respuesta con nuestro servicio a tantas personas que est\u00e1n solas. <br>\nLas consultor\u00edas familiares siendo un servicio de escucha, comprensi\u00f3n y acompa\u00f1amiento de los procesos vitales hoy tenemos la posibilidad de estar presentes en esta cuarentena con una modalidad on line. <\/p>\n\n\n\n<p>Pedimos a nuestra madre la Virgen Maria nos acompa\u00f1e en esta misi\u00f3n y pedimos por su Intersesi\u00f3n para que lleve consuelo a las familias que m\u00e1s lo necesitan. <\/p>\n\n\n\n<p>Contamos con todos ustedes!!!<br>\nSomos familia!!!!<\/p>\n\n\n\n<h1><\/h1>\n","protected":false},"excerpt":{"rendered":"<p>Queridos Hermanos la situaci\u00f3n que estamos viviendo amerita que como pastoral familiar podamos dar respuesta con nuestro servicio a tantas personas que est\u00e1n solas. Las consultor\u00edas familiares siendo un servicio de escucha, comprensi\u00f3n y acompa\u00f1amiento de los procesos vitales hoy tenemos la posibilidad de estar presentes en esta cuarentena con una modalidad on line. Pedimos [&hellip;]<\/p>\n","protected":false},"author":1,"featured_media":18418,"comment_status":"open","ping_status":"closed","sticky":false,"template":"","format":"standard","meta":{"_et_pb_use_builder":"","_et_pb_old_content":"","_et_gb_content_width":""},"categories":[11,1],"tags":[],"aioseo_notices":[],"_links":{"self":[{"href":"https:\/\/www.obispado-mdp.org.ar\/a\/wp-json\/wp\/v2\/posts\/18409"}],"collection":[{"href":"https:\/\/www.obispado-mdp.org.ar\/a\/wp-json\/wp\/v2\/posts"}],"about":[{"href":"https:\/\/www.obispado-mdp.org.ar\/a\/wp-json\/wp\/v2\/types\/post"}],"author":[{"embeddable":true,"href":"https:\/\/www.obispado-mdp.org.ar\/a\/wp-json\/wp\/v2\/users\/1"}],"replies":[{"embeddable":true,"href":"https:\/\/www.obispado-mdp.org.ar\/a\/wp-json\/wp\/v2\/comments?post=18409"}],"version-history":[{"count":0,"href":"https:\/\/www.obispado-mdp.org.ar\/a\/wp-json\/wp\/v2\/posts\/18409\/revisions"}],"wp:featuredmedia":[{"embeddable":true,"href":"https:\/\/www.obispado-mdp.org.ar\/a\/wp-json\/"}],"wp:attachment":[{"href":"https:\/\/www.obispado-mdp.org.ar\/a\/wp-json\/wp\/v2\/media?parent=18409"}],"wp:term":[{"taxonomy":"category","embeddable":true,"href":"https:\/\/www.obispado-mdp.org.ar\/a\/wp-json\/wp\/v2\/categories?post=18409"},{"taxonomy":"post_tag","embeddable":true,"href":"https:\/\/www.obispado-mdp.org.ar\/a\/wp-json\/wp\/v2\/tags?post=18409"}],"curies":[{"name":"wp","href":"https:\/\/api.w.org\/{rel}","templated":true}]}}