{"id":18427,"date":"2020-03-22T11:05:01","date_gmt":"2020-03-22T14:05:01","guid":{"rendered":"http:\/\/www.obispado-mdp.org.ar\/a\/?p=18427"},"modified":"2020-03-22T11:05:01","modified_gmt":"2020-03-22T14:05:01","slug":"nos-quedamos-en-casa","status":"publish","type":"post","link":"https:\/\/www.obispado-mdp.org.ar\/a\/nos-quedamos-en-casa\/","title":{"rendered":"NOS QUEDAMOS EN CASA"},"content":{"rendered":"\n<h3>MENSAJE DEL OBISPO GABRIEL MESTRE<\/h3>\n\n\n\n<p>Queridos hermanos qued\u00e9monos en casa, adem\u00e1s de rezar, de orar a Dios, es la mejor forma de cuidarnos a nosotros, a los adultos mayores y a las personas m\u00e1s vulnerables al coronavirus.<\/p>\n\n\n\n<p>Quedate en casa!<\/p>\n\n\n\n<figure class=\"wp-block-embed-facebook wp-block-embed is-type-video is-provider-facebook\"><div class=\"wp-block-embed__wrapper\">\n<div id=\"fb-root\"><\/div><script async=\"1\" defer=\"1\" crossorigin=\"anonymous\" src=\"https:\/\/connect.facebook.net\/en_US\/sdk.js#xfbml=1&amp;version=v6.0\"><\/script><div class=\"fb-video\" data-href=\"https:\/\/www.facebook.com\/iglesia.mdp\/videos\/2961901147163495\/\" data-width=\"1080\"><blockquote cite=\"https:\/\/www.facebook.com\/iglesia.mdp\/videos\/2961901147163495\/\" class=\"fb-xfbml-parse-ignore\"><a href=\"https:\/\/www.facebook.com\/iglesia.mdp\/videos\/2961901147163495\/\">YO ME QUEDO EN CASA!<\/a><p>Mensaje del Obispo Gabiel Mestre<\/p>Posted by <a href=\"https:\/\/www.facebook.com\/iglesia.mdp\/\">Iglesia Mdp<\/a> on Sunday, March 22, 2020<\/blockquote><\/div>\n<\/div><\/figure>\n","protected":false},"excerpt":{"rendered":"<p>MENSAJE DEL OBISPO GABRIEL MESTRE Queridos hermanos qued\u00e9monos en casa, adem\u00e1s de rezar, de orar a Dios, es la mejor forma de cuidarnos a nosotros, a los adultos mayores y a las personas m\u00e1s vulnerables al coronavirus. Quedate en casa!<\/p>\n","protected":false},"author":1,"featured_media":18438,"comment_status":"open","ping_status":"closed","sticky":false,"template":"","format":"standard","meta":{"_et_pb_use_builder":"","_et_pb_old_content":"","_et_gb_content_width":""},"categories":[1],"tags":[],"aioseo_notices":[],"_links":{"self":[{"href":"https:\/\/www.obispado-mdp.org.ar\/a\/wp-json\/wp\/v2\/posts\/18427"}],"collection":[{"href":"https:\/\/www.obispado-mdp.org.ar\/a\/wp-json\/wp\/v2\/posts"}],"about":[{"href":"https:\/\/www.obispado-mdp.org.ar\/a\/wp-json\/wp\/v2\/types\/post"}],"author":[{"embeddable":true,"href":"https:\/\/www.obispado-mdp.org.ar\/a\/wp-json\/wp\/v2\/users\/1"}],"replies":[{"embeddable":true,"href":"https:\/\/www.obispado-mdp.org.ar\/a\/wp-json\/wp\/v2\/comments?post=18427"}],"version-history":[{"count":0,"href":"https:\/\/www.obispado-mdp.org.ar\/a\/wp-json\/wp\/v2\/posts\/18427\/revisions"}],"wp:featuredmedia":[{"embeddable":true,"href":"https:\/\/www.obispado-mdp.org.ar\/a\/wp-json\/"}],"wp:attachment":[{"href":"https:\/\/www.obispado-mdp.org.ar\/a\/wp-json\/wp\/v2\/media?parent=18427"}],"wp:term":[{"taxonomy":"category","embeddable":true,"href":"https:\/\/www.obispado-mdp.org.ar\/a\/wp-json\/wp\/v2\/categories?post=18427"},{"taxonomy":"post_tag","embeddable":true,"href":"https:\/\/www.obispado-mdp.org.ar\/a\/wp-json\/wp\/v2\/tags?post=18427"}],"curies":[{"name":"wp","href":"https:\/\/api.w.org\/{rel}","templated":true}]}}