{"id":18487,"date":"2020-03-23T15:50:57","date_gmt":"2020-03-23T18:50:57","guid":{"rendered":"http:\/\/www.obispado-mdp.org.ar\/a\/?p=18487"},"modified":"2020-03-23T15:50:57","modified_gmt":"2020-03-23T18:50:57","slug":"la-ayuda-que-mas-ayuda-es-la-que-mejor-se-organiza","status":"publish","type":"post","link":"https:\/\/www.obispado-mdp.org.ar\/a\/la-ayuda-que-mas-ayuda-es-la-que-mejor-se-organiza\/","title":{"rendered":"\u201cLA AYUDA QUE MAS AYUDA ES LA QUE MEJOR SE ORGANIZA\u201d"},"content":{"rendered":"\n<p> En este tiempo particular que nos toca vivir es momento de redoblar esfuerzos y sacar a la luz los mejores valores de nuestro pueblo. Son muchos los hermanos nuestros que est\u00e1n pasando situaciones apremiantes de necesidad y que no pueden esperar m\u00e1s. <\/p>\n\n\n\n<p>Tambi\u00e9n, cuando la cuarentena pase y la pandemia nos deje, habr\u00e1 muchas personas y familias que sigan necesitando nuestra ayuda. En cumplimiento de las disposiciones del gobierno nacional que han limitado justificadamente la circulaci\u00f3n de personas de ninguna manera es conveniente salir a la calle por circunstancias que no sean las estrictamente necesarias y autorizadas y eso restringe la posibilidad de donaciones materiales. <\/p>\n\n\n\n<p>Es por eso que \u201cCARITAS MAR DEL PLATA\u201d solicita la colaboraci\u00f3n dineraria urgente de la comunidad, personas e instituciones, a trav\u00e9s de las modalidades que se indican seguidamente <\/p>\n\n\n\n<p>TRANSFERENCIA BANCARIA: Banco de la Provincia de Buenos Aires: Titular: CARITAS DIOCESANA MAR DEL PLATA N\u00famero de Cuenta: 6100-11585\/0 CUIL\/CUIT:30-69001002-6 CBU: 0140415301610001158508<\/p>\n\n\n\n<p> TARJETA DE CREDITO\/DEBITO: Desde nuestro sitio web: www.caritasmardelplata.org.ar Haciendo click en MENU \u201cCOMO COLABORAR\u201d <\/p>\n\n\n\n<p>\u201cCARITAS MAR DEL PLATA\u201d compromete la llegada, con transparencia e inmediatez, de las donaciones a las personas y familias m\u00e1s necesitadas de nuestras comunidades.  Agradecemos desde ahora la solidaridad conmovedora de nuestro pueblo que siempre est\u00e1 presente y que nos ayuda a ayudar.  <\/p>\n\n\n\n<p>CARITAS MAR DEL PLATA Contactos: Pbro. Hern\u00e1n David Tel. 2234483488 Roberto Benzo Tel: 2236819243 Mail: info@caritasmardelplata.org.ar  <\/p>\n\n\n\n<figure class=\"wp-block-image size-large\"><img src=\"https:\/\/obispado-mdp.org.ar\/a\/wp-content\/uploads\/2020\/03\/caritas-MDP.jpg\" alt=\"\" class=\"wp-image-18488\"\/><\/figure>\n","protected":false},"excerpt":{"rendered":"<p>En este tiempo particular que nos toca vivir es momento de redoblar esfuerzos y sacar a la luz los mejores valores de nuestro pueblo. Son muchos los hermanos nuestros que est\u00e1n pasando situaciones apremiantes de necesidad y que no pueden esperar m\u00e1s. Tambi\u00e9n, cuando la cuarentena pase y la pandemia nos deje, habr\u00e1 muchas personas [&hellip;]<\/p>\n","protected":false},"author":1,"featured_media":18490,"comment_status":"open","ping_status":"closed","sticky":false,"template":"","format":"standard","meta":{"_et_pb_use_builder":"","_et_pb_old_content":"","_et_gb_content_width":""},"categories":[1],"tags":[],"aioseo_notices":[],"_links":{"self":[{"href":"https:\/\/www.obispado-mdp.org.ar\/a\/wp-json\/wp\/v2\/posts\/18487"}],"collection":[{"href":"https:\/\/www.obispado-mdp.org.ar\/a\/wp-json\/wp\/v2\/posts"}],"about":[{"href":"https:\/\/www.obispado-mdp.org.ar\/a\/wp-json\/wp\/v2\/types\/post"}],"author":[{"embeddable":true,"href":"https:\/\/www.obispado-mdp.org.ar\/a\/wp-json\/wp\/v2\/users\/1"}],"replies":[{"embeddable":true,"href":"https:\/\/www.obispado-mdp.org.ar\/a\/wp-json\/wp\/v2\/comments?post=18487"}],"version-history":[{"count":0,"href":"https:\/\/www.obispado-mdp.org.ar\/a\/wp-json\/wp\/v2\/posts\/18487\/revisions"}],"wp:featuredmedia":[{"embeddable":true,"href":"https:\/\/www.obispado-mdp.org.ar\/a\/wp-json\/"}],"wp:attachment":[{"href":"https:\/\/www.obispado-mdp.org.ar\/a\/wp-json\/wp\/v2\/media?parent=18487"}],"wp:term":[{"taxonomy":"category","embeddable":true,"href":"https:\/\/www.obispado-mdp.org.ar\/a\/wp-json\/wp\/v2\/categories?post=18487"},{"taxonomy":"post_tag","embeddable":true,"href":"https:\/\/www.obispado-mdp.org.ar\/a\/wp-json\/wp\/v2\/tags?post=18487"}],"curies":[{"name":"wp","href":"https:\/\/api.w.org\/{rel}","templated":true}]}}