{"id":18773,"date":"2020-04-01T11:50:38","date_gmt":"2020-04-01T14:50:38","guid":{"rendered":"http:\/\/www.obispado-mdp.org.ar\/a\/?p=18773"},"modified":"2020-04-01T11:50:38","modified_gmt":"2020-04-01T14:50:38","slug":"el-poder-de-la-pascua-de-cristo-te-abraza-hoy-y-siempre","status":"publish","type":"post","link":"https:\/\/www.obispado-mdp.org.ar\/a\/el-poder-de-la-pascua-de-cristo-te-abraza-hoy-y-siempre\/","title":{"rendered":"EL PODER DE LA PASCUA DE CRISTO TE ABRAZA HOY Y SIEMPRE"},"content":{"rendered":"\n<p><\/p>\n\n\n\n<hr class=\"wp-block-separator\"\/>\n\n\n\n<p class=\"has-background has-medium-font-size has-very-light-gray-background-color\"><strong><em>Mensaje del Obispo Gabriel Mestre con motivo de la Semana Santa 2020 en cuarentena. Recomendaciones del Obispado para vivir intensamente estas celebraciones permaneciendo en casa.<\/em><\/strong><\/p>\n\n\n\n<hr class=\"wp-block-separator\"\/>\n\n\n\n<figure class=\"wp-block-embed-youtube wp-block-embed is-type-video is-provider-youtube wp-embed-aspect-16-9 wp-has-aspect-ratio\"><div class=\"wp-block-embed__wrapper\">\n<iframe loading=\"lazy\" title=\"Vivamos Juntos la Semana Santa 2020 en la Di\u00f3cesis de Mar del Plata\" width=\"1080\" height=\"608\" src=\"https:\/\/www.youtube.com\/embed\/w8RRRNwHEIc?feature=oembed\" frameborder=\"0\" allow=\"accelerometer; autoplay; encrypted-media; gyroscope; picture-in-picture\" allowfullscreen><\/iframe>\n<\/div><\/figure>\n\n\n\n<p>Con motivo de la Semana Santa en medio de la\ncuarentena que obligaron a la suspensi\u00f3n de todas las actividades p\u00fablicas, el Obispado\nde Mar del Plata, emiti\u00f3 ayer un comunicado en el cual se dieron a conocer unas\npautas para vivir profundamente esta Semana Santa tan especial. Las normas\nestablecidas para esta emergencia sanitaria imponen la necesidad de permanecer\nen casa, evitando todo tipo de reuniones. Esto har\u00e1 que las celebraciones m\u00e1s\nimportantes del a\u00f1o lit\u00fargico se desarrollen en un marco totalmente\nexcepcional, sin precedentes para todos nosotros.<\/p>\n\n\n\n<p>El comunicado expresa que \u201cla conmemoraci\u00f3n del\nMisterio del Amor de Dios que se expresa, elocuentemente, en la pasi\u00f3n, muerte\ny resurrecci\u00f3n de Jesucristo trasciende las limitaciones del espacio y TODOS\nPODEMOS Y ESTAMOS LLAMADOS A PARTICIPAR VIVAMENTE como una \u00fanica familia, pero\ndesde casa\u201d.<\/p>\n\n\n\n<p>El comunicado explica \u00bfC\u00f3mo participaremos de las\ncelebraciones de Semana Santa?, \u00bfC\u00f3mo viviremos el precepto de la comuni\u00f3n? \u00bfC\u00f3mo\ncelebraremos la reconciliaci\u00f3n? Finalmente expresa una serie de recomendaciones\npara los fieles. El texto completo se puede leer en <a href=\"http:\/\/www.obispado-mdp.org.ar\">www.obispado-mdp.org.ar<\/a><\/p>\n\n\n\n<h3>MENSAJE DEL OBISPO<\/h3>\n\n\n\n<p>En ese mismo marco, el mensaje grabado por el padre Obispo Mons Gabriel Mestre, expresa \u201cnunca pens\u00e9 que \u00edbamos a estar en esta situaci\u00f3n. Hace dos meses no imaginaba que la pandemia y la cuarentena nos iban a llevar a esto que estamos viviendo. Sin embargo, es posible celebrar juntos la Semana Santa 2020, cuid\u00e1ndote, cuid\u00e1ndonos y cuidando especialmente a los m\u00e1s vulnerables. Es posible celebrar juntos desde casa. \u00bfDe qu\u00e9 manera? A trav\u00e9s de los medios habituales, radio, tv, y especialmente redes sociales, con ellos pod\u00e9s acercarte virtualmente a la parroquia de tu barrio o localidad. Te ofrecemos el portal del obispado <a href=\"http:\/\/www.obispado-mdp.org.ar\/\">www.obispado-mdp.org.ar\/<\/a>&nbsp; o podes acceder al sitio de la Santa Sede y seguir las celebraciones del querido Papa Francisco en esta Semana Santa. Todos celebramos juntos, pero desde casa. <strong>El<\/strong> <strong>poder de la pascua de Cristo te abraza hoy y siempre, porque la pascua de Cristo trasciende el tiempo y el espacio.<\/strong> Transciende el tiempo, porque aconteci\u00f3 hace 20 siglos y sus efectos siguen en nosotros hasta hoy. Trasciende el espacio porque hoy desde casa es posible que recibas la protecci\u00f3n, la bendici\u00f3n y el cuidado de Dios. Vivamos la pascua de Cristo trav\u00e9s de estos medios y teniendo presente algunas sugerencias que dimos a conocer a trav\u00e9s de un comunicado para celebrar desde casa. No est\u00e1s solo, no estamos solos. Cristo muere y resucita para salvarnos, porque la pascua trasciende el tiempo y el espacio, y hoy te abraza cuid\u00e1ndote, protegi\u00e9ndote, realizando bendiciones para vos, tu familia y tus amigos, para todos y cada uno desde casa. Celebremos juntos la Semana Santa 2020 porque la fuerza de la pascua de Cristo te abraza hoy y siempre, porque trasciende el tiempo y el espacio. Adelante, con fe y confianza, sin miedo. No est\u00e1s solo, no estamos solos: \u00a1Cristo est\u00e1 con nosotros!<\/p>\n\n\n\n<p><\/p>\n","protected":false},"excerpt":{"rendered":"<p>Mensaje del Obispo Gabriel Mestre con motivo de la Semana Santa 2020 en cuarentena. Recomendaciones del Obispado para vivir intensamente estas celebraciones permaneciendo en casa.<\/p>\n","protected":false},"author":1,"featured_media":18775,"comment_status":"open","ping_status":"closed","sticky":false,"template":"","format":"standard","meta":{"_et_pb_use_builder":"","_et_pb_old_content":"","_et_gb_content_width":""},"categories":[1],"tags":[],"aioseo_notices":[],"_links":{"self":[{"href":"https:\/\/www.obispado-mdp.org.ar\/a\/wp-json\/wp\/v2\/posts\/18773"}],"collection":[{"href":"https:\/\/www.obispado-mdp.org.ar\/a\/wp-json\/wp\/v2\/posts"}],"about":[{"href":"https:\/\/www.obispado-mdp.org.ar\/a\/wp-json\/wp\/v2\/types\/post"}],"author":[{"embeddable":true,"href":"https:\/\/www.obispado-mdp.org.ar\/a\/wp-json\/wp\/v2\/users\/1"}],"replies":[{"embeddable":true,"href":"https:\/\/www.obispado-mdp.org.ar\/a\/wp-json\/wp\/v2\/comments?post=18773"}],"version-history":[{"count":0,"href":"https:\/\/www.obispado-mdp.org.ar\/a\/wp-json\/wp\/v2\/posts\/18773\/revisions"}],"wp:featuredmedia":[{"embeddable":true,"href":"https:\/\/www.obispado-mdp.org.ar\/a\/wp-json\/"}],"wp:attachment":[{"href":"https:\/\/www.obispado-mdp.org.ar\/a\/wp-json\/wp\/v2\/media?parent=18773"}],"wp:term":[{"taxonomy":"category","embeddable":true,"href":"https:\/\/www.obispado-mdp.org.ar\/a\/wp-json\/wp\/v2\/categories?post=18773"},{"taxonomy":"post_tag","embeddable":true,"href":"https:\/\/www.obispado-mdp.org.ar\/a\/wp-json\/wp\/v2\/tags?post=18773"}],"curies":[{"name":"wp","href":"https:\/\/api.w.org\/{rel}","templated":true}]}}