{"id":30603,"date":"2021-03-11T08:58:42","date_gmt":"2021-03-11T11:58:42","guid":{"rendered":"https:\/\/obispado-mdp.org.ar\/a\/?p=30603"},"modified":"2021-03-11T08:58:42","modified_gmt":"2021-03-11T11:58:42","slug":"sabios-y-prudentes","status":"publish","type":"post","link":"https:\/\/www.obispado-mdp.org.ar\/a\/sabios-y-prudentes\/","title":{"rendered":"SABIOS Y PRUDENTES."},"content":{"rendered":"\n<p>      <strong>Con una Misa en Gral. Pir\u00e1n, Mons. Mestre dio inicio al a\u00f1o lectivo en las escuelas cat\u00f3licas. Invit\u00f3 a los j\u00f3venes a ser sabios y prudentes. Rumbo al Centenario del colegio Don Bosco de Piran.<\/strong><\/p>\n\n\n\n<p>    Como cada a\u00f1o, las comunidades educativas de la Junta Regional de Educaci\u00f3n Cat\u00f3lica (JuREC) dieron inicio al ciclo lectivo celebrando juntos la Eucarist\u00eda, presidida por el Obispo, Mons. Gabriel Mestre. En esta ocasi\u00f3n, la misma tuvo lugar al aire libre, en la explanada de la Escuela Don Bosco, de Gral. Pir\u00e1n, que se prepara para celebrar este a\u00f1o sus primeros 100 a\u00f1os de vida.<\/p>\n\n\n\n<p>En la Misa, concelebrada por el delegado episcopal de Educaci\u00f3n, Pbro. Silvano de Sarro y el Vicepresidente de la JuREC, Pbro. Juan Cruz Mennilli, se encontraban presentes el presidente de la Junta, Cr. Javier Sanchez y el Vicepresidente Lic. Rub\u00e9n Primo Fern\u00e1ndez \u2013entre otros integrantes-. Asimismo, asistieron docentes de otras instituciones educativas y autoridades educativas y municipales de Mar Chiquita, adem\u00e1s de los alumnos, docentes y padres de la escuela anfitriona.<\/p>\n\n\n\n<p>En su homil\u00eda, Mons. Mestre, quien comenz\u00f3 destacando la tradici\u00f3n de comenzar el a\u00f1o celebrando la Eucarist\u00eda y encomendando al Se\u00f1or la obra educativa de la Iglesia y de sus escuelas, tanto episcopales como de las distintas congregaciones, destac\u00f3 dos palabras de la primera lectura, tomada del libro del Deuteronomio, donde se nos invita a ser \u201csabios y prudentes\u201d.<\/p>\n\n\n\n<p>\u201cLa sabidur\u00eda \u2013destac\u00f3 el Obispo- no se trata simplemente de acumular saberes, sino saber vivir bien seg\u00fan la voluntad de Dios, de descubrirle el verdadero sabor a la vida. \u00a1Cu\u00e1nto para caminar juntos en este a\u00f1o alumnos, docentes, familias, para que de la mano del Se\u00f1or podamos adquirir la verdadera sabidur\u00eda!\u201d, exclam\u00f3.<\/p>\n\n\n\n<p>Por su parte, sobre la prudencia, explic\u00f3 que \u201cprudentes no son los que no hacen nada o se quedan quietos, sino que por el contrario hoy m\u00e1s que nunca debemos ser inquietos buscando en toda circunstancia incluso las m\u00e1s dif\u00edciles la mejor forma de hacer el bien, con creatividad, realismo y audacia, como s\u00e9 que hacen en cada una de las escuelas.\u201d<\/p>\n\n\n\n<p>Finalizada la celebraci\u00f3n, el Obispo bendijo una importante obra de mejora edilicia en el establecimiento, que cambi\u00f3 por completo las ventanas de su galer\u00eda, y agradeci\u00f3 a Dios y a todos los que como instrumentos de su providencia hicieron y hacen posible el progreso de la escuela en estos casi cien a\u00f1os de vida.<\/p>\n\n\n\n<figure class=\"wp-container-2 wp-block-gallery-1 wp-block-gallery columns-3 is-cropped\"><ul class=\"blocks-gallery-grid\"><li class=\"blocks-gallery-item\"><figure><img src=\"https:\/\/obispado-mdp.org.ar\/a\/wp-content\/uploads\/2021\/03\/1e84eb7e-e0ff-4c95-baa5-50a07dbfbd12-copia-768x1024.jpg\" alt=\"\" data-id=\"30605\" data-full-url=\"https:\/\/obispado-mdp.org.ar\/a\/wp-content\/uploads\/2021\/03\/1e84eb7e-e0ff-4c95-baa5-50a07dbfbd12-copia.jpg\" data-link=\"https:\/\/obispado-mdp.org.ar\/a\/?attachment_id=30605\" class=\"wp-image-30605\"\/><\/figure><\/li><li class=\"blocks-gallery-item\"><figure><img src=\"https:\/\/obispado-mdp.org.ar\/a\/wp-content\/uploads\/2021\/03\/20f28056-06da-477b-b694-b5d0efe20c18-copia-1024x768.jpg\" alt=\"\" data-id=\"30606\" data-full-url=\"https:\/\/obispado-mdp.org.ar\/a\/wp-content\/uploads\/2021\/03\/20f28056-06da-477b-b694-b5d0efe20c18-copia.jpg\" data-link=\"https:\/\/obispado-mdp.org.ar\/a\/?attachment_id=30606\" class=\"wp-image-30606\"\/><\/figure><\/li><li class=\"blocks-gallery-item\"><figure><img src=\"https:\/\/obispado-mdp.org.ar\/a\/wp-content\/uploads\/2021\/03\/496b4247-6989-4a8e-a977-6afd84a6b8c1-copia-1024x768.jpg\" alt=\"\" data-id=\"30607\" data-full-url=\"https:\/\/obispado-mdp.org.ar\/a\/wp-content\/uploads\/2021\/03\/496b4247-6989-4a8e-a977-6afd84a6b8c1-copia.jpg\" data-link=\"https:\/\/obispado-mdp.org.ar\/a\/?attachment_id=30607\" class=\"wp-image-30607\"\/><\/figure><\/li><li class=\"blocks-gallery-item\"><figure><img src=\"https:\/\/obispado-mdp.org.ar\/a\/wp-content\/uploads\/2021\/03\/f4f65317-79ce-436d-a4ca-1d64c1dcc617-copia-1024x768.jpg\" alt=\"\" data-id=\"30608\" data-full-url=\"https:\/\/obispado-mdp.org.ar\/a\/wp-content\/uploads\/2021\/03\/f4f65317-79ce-436d-a4ca-1d64c1dcc617-copia.jpg\" data-link=\"https:\/\/obispado-mdp.org.ar\/a\/?attachment_id=30608\" class=\"wp-image-30608\"\/><\/figure><\/li><li class=\"blocks-gallery-item\"><figure><img src=\"https:\/\/obispado-mdp.org.ar\/a\/wp-content\/uploads\/2021\/03\/f17b3ce9-deb9-4188-96ff-ecd0dab1f866-copia-1024x768.jpg\" alt=\"\" data-id=\"30609\" data-full-url=\"https:\/\/obispado-mdp.org.ar\/a\/wp-content\/uploads\/2021\/03\/f17b3ce9-deb9-4188-96ff-ecd0dab1f866-copia.jpg\" data-link=\"https:\/\/obispado-mdp.org.ar\/a\/?attachment_id=30609\" class=\"wp-image-30609\"\/><\/figure><\/li><\/ul><\/figure>\n","protected":false},"excerpt":{"rendered":"<p>Con una Misa en Gral. Pir\u00e1n, Mons. Mestre dio inicio al a\u00f1o lectivo en las escuelas cat\u00f3licas. Invit\u00f3 a los j\u00f3venes a ser sabios y prudentes. Rumbo al Centenario del colegio Don Bosco de Piran. Como cada a\u00f1o, las comunidades educativas de la Junta Regional de Educaci\u00f3n Cat\u00f3lica (JuREC) dieron inicio al ciclo lectivo celebrando [&hellip;]<\/p>\n","protected":false},"author":1,"featured_media":30604,"comment_status":"open","ping_status":"closed","sticky":false,"template":"","format":"standard","meta":{"_et_pb_use_builder":"off","_et_pb_old_content":"","_et_gb_content_width":""},"categories":[4,7],"tags":[],"aioseo_notices":[],"_links":{"self":[{"href":"https:\/\/www.obispado-mdp.org.ar\/a\/wp-json\/wp\/v2\/posts\/30603"}],"collection":[{"href":"https:\/\/www.obispado-mdp.org.ar\/a\/wp-json\/wp\/v2\/posts"}],"about":[{"href":"https:\/\/www.obispado-mdp.org.ar\/a\/wp-json\/wp\/v2\/types\/post"}],"author":[{"embeddable":true,"href":"https:\/\/www.obispado-mdp.org.ar\/a\/wp-json\/wp\/v2\/users\/1"}],"replies":[{"embeddable":true,"href":"https:\/\/www.obispado-mdp.org.ar\/a\/wp-json\/wp\/v2\/comments?post=30603"}],"version-history":[{"count":0,"href":"https:\/\/www.obispado-mdp.org.ar\/a\/wp-json\/wp\/v2\/posts\/30603\/revisions"}],"wp:featuredmedia":[{"embeddable":true,"href":"https:\/\/www.obispado-mdp.org.ar\/a\/wp-json\/"}],"wp:attachment":[{"href":"https:\/\/www.obispado-mdp.org.ar\/a\/wp-json\/wp\/v2\/media?parent=30603"}],"wp:term":[{"taxonomy":"category","embeddable":true,"href":"https:\/\/www.obispado-mdp.org.ar\/a\/wp-json\/wp\/v2\/categories?post=30603"},{"taxonomy":"post_tag","embeddable":true,"href":"https:\/\/www.obispado-mdp.org.ar\/a\/wp-json\/wp\/v2\/tags?post=30603"}],"curies":[{"name":"wp","href":"https:\/\/api.w.org\/{rel}","templated":true}]}}