{"id":32559,"date":"2021-07-08T08:57:07","date_gmt":"2021-07-08T11:57:07","guid":{"rendered":"https:\/\/www.obispado-mdp.org.ar\/a\/?p=32559"},"modified":"2021-07-08T09:01:47","modified_gmt":"2021-07-08T12:01:47","slug":"esi-renuniciar-a-dar-respuestas-simples-y-automaticas","status":"publish","type":"post","link":"https:\/\/www.obispado-mdp.org.ar\/a\/esi-renuniciar-a-dar-respuestas-simples-y-automaticas\/","title":{"rendered":"ESI: \u00abRENUNCIAR A DAR RESPUESTAS SIMPLES Y AUTOM\u00c1TICAS\u00bb"},"content":{"rendered":"\n<p class=\"has-text-color has-background has-very-dark-gray-color has-very-light-gray-background-color\"> El Obispo anim\u00f3 a los docentes cat\u00f3licos a <strong>\u201crenunciar a dar respuestas simples y autom\u00e1ticas\u201d a<\/strong> la vez que los invit\u00f3 a \u201cser audaces con apertura y claridad, sin miedo a abordar todos los temas, con creatividad pedag\u00f3gica.\u201d  La JuREC junto a Mons. Mestre profundiz\u00f3 el abordaje de la ESI con docentes de escuelas cat\u00f3licas.  <\/p>\n\n\n\n<p>De manera virtual se llev\u00f3 adelante un encuentro organizado por el \u00c1rea de ESI dependiente del Departamento de Gesti\u00f3n Institucional de la Junta Regional de Educaci\u00f3n Cat\u00f3lica (JuREC) que reuni\u00f3 alrededor de 200 docentes entre directivos, representantes legales y referentes de ESI de las escuelas cat\u00f3licas tanto del Obispado como de las distintas Congregaciones y \u00d3rdenes religiosas. La moderaci\u00f3n estuvo a cargo de la Lic. In\u00e9s Amato y por parte de la JuREC se encontraban presentes -entre otros- el presidente Cr. Javier S\u00e1nchez y los vicepresidentes Lic. Rub\u00e9n Primo Fern\u00e1ndez y presb\u00edtero Juan Cruz Mennilli, adem\u00e1s de los miembros del \u00c1rea de ESI, coordinada por la Prof. Gabriela Tumini.<\/p>\n\n\n\n<p>\u201cEl encuentro tuvo lugar en el marco del \u201ccamino sinodal\u201d de di\u00e1logo y de estado de asamblea en el que se encuentra la Iglesia diocesana, y que en esta ocasi\u00f3n motiv\u00f3 el trabajo del \u00c1rea de ESI junto al Obispo, y a las y los docentes que acercaron sus preguntas e inquietudes previamente acerca de esta tem\u00e1tica transversal del \u00e1mbito educativo\u201d, explicaron.<\/p>\n\n\n\n<p>Mons. Mestre, \u201cadem\u00e1s de responder las preguntas que hab\u00edan sido enviadas oportunamente por los referentes de parte propia y de los docentes de las escuelas, present\u00f3 un primer fruto del trabajo conjunto que es el \u2018documento de trabajo\u2019 del \u2018Primer borrador de ideario abierto de puntos b\u00e1sicos para el abordaje de la ESI\u2019, material que ser\u00e1 enriquecido con el trabajo a realizarse de aqu\u00ed en adelante en las escuelas\u201d, seg\u00fan se indic\u00f3 desde la JuREC.<\/p>\n\n\n\n<p>El Obispo anim\u00f3 a los docentes cat\u00f3licos a <strong>\u201crenunciar a dar respuestas simples y autom\u00e1ticas\u201d a<\/strong> la vez que los invit\u00f3 a <strong>\u201cser audaces con apertura y claridad, sin miedo a abordar todos los temas, con creatividad pedag\u00f3gica.\u201d Y ofreci\u00f3 algunos criterios que seg\u00fan explic\u00f3 \u201cdeben marcar con claridad que recibimos la vida como viene, tal como expres\u00f3 en su momento el entonces cardenal Bergoglio.\u201d \u201cEn esta realidad apasionante que nos toca vivir, nuestras escuelas tienen que ser espacios donde todos puedan sentirse escuchados y donde se marque con claridad que el centro de nuestro mensaje es el amor, teniendo una adecuada jerarqu\u00eda de verdades que ayuden a discernir el bien posible y que fomenten un adecuado encuentro entre todos los protagonistas de nuestras escuelas<\/strong>\u201d, exhort\u00f3.<\/p>\n\n\n\n<p>Por su parte, el presidente de JuREC, Javier S\u00e1nchez, enfatiz\u00f3 que \u201ceste trabajo sinodal que se est\u00e1 llevando a cabo con la ESI marca el estilo de trabajo con el que buscamos abordar los otros aspectos que conforman el ideario de nuestras escuelas, que son principalmente el pedag\u00f3gico y el catequ\u00edstico-pastoral, desde cuyas \u00e1reas espec\u00edficas dentro de la Junta se est\u00e1n promoviendo iniciativas de este tenor para poder contar tambi\u00e9n con los respectivos idearios elaborados sinodalmente para luego poder trabajar en el documento final.\u201d<\/p>\n\n\n\n<p>CRONISTA:  P. Juan Cruz Mennilli <\/p>\n\n\n\n<figure class=\"wp-container-2 wp-block-gallery-1 wp-block-gallery columns-3 is-cropped\"><ul class=\"blocks-gallery-grid\"><li class=\"blocks-gallery-item\"><figure><img loading=\"lazy\" width=\"547\" height=\"437\" src=\"https:\/\/www.obispado-mdp.org.ar\/a\/wp-content\/uploads\/2021\/07\/76e14f1a-b20d-4e8b-ad1a-7a4bf0aaca93.jpg\" alt=\"\" data-id=\"32560\" data-full-url=\"https:\/\/www.obispado-mdp.org.ar\/a\/wp-content\/uploads\/2021\/07\/76e14f1a-b20d-4e8b-ad1a-7a4bf0aaca93.jpg\" data-link=\"https:\/\/www.obispado-mdp.org.ar\/a\/?attachment_id=32560\" class=\"wp-image-32560\"\/><\/figure><\/li><li class=\"blocks-gallery-item\"><figure><img loading=\"lazy\" width=\"1024\" height=\"656\" src=\"https:\/\/www.obispado-mdp.org.ar\/a\/wp-content\/uploads\/2021\/07\/0990af97-ecf7-454e-b72e-1b68376a7209-1024x656.jpg\" alt=\"\" data-id=\"32561\" data-full-url=\"https:\/\/www.obispado-mdp.org.ar\/a\/wp-content\/uploads\/2021\/07\/0990af97-ecf7-454e-b72e-1b68376a7209.jpg\" data-link=\"https:\/\/www.obispado-mdp.org.ar\/a\/?attachment_id=32561\" class=\"wp-image-32561\"\/><\/figure><\/li><li class=\"blocks-gallery-item\"><figure><img loading=\"lazy\" width=\"987\" height=\"630\" src=\"https:\/\/www.obispado-mdp.org.ar\/a\/wp-content\/uploads\/2021\/07\/8184404d-f195-4d01-8e77-a4918c75112d.jpg\" alt=\"\" data-id=\"32562\" data-full-url=\"https:\/\/www.obispado-mdp.org.ar\/a\/wp-content\/uploads\/2021\/07\/8184404d-f195-4d01-8e77-a4918c75112d.jpg\" data-link=\"https:\/\/www.obispado-mdp.org.ar\/a\/?attachment_id=32562\" class=\"wp-image-32562\"\/><\/figure><\/li><\/ul><\/figure>\n","protected":false},"excerpt":{"rendered":"<p>El Obispo anim\u00f3 a los docentes cat\u00f3licos a \u201crenunciar a dar respuestas simples y autom\u00e1ticas\u201d a la vez que los invit\u00f3 a \u201cser audaces con apertura y claridad, sin miedo a abordar todos los temas, con creatividad pedag\u00f3gica.\u201d La JuREC junto a Mons. Mestre profundiz\u00f3 el abordaje de la ESI con docentes de escuelas cat\u00f3licas. [&hellip;]<\/p>\n","protected":false},"author":4,"featured_media":32561,"comment_status":"open","ping_status":"open","sticky":false,"template":"","format":"standard","meta":{"_et_pb_use_builder":"off","_et_pb_old_content":"","_et_gb_content_width":""},"categories":[4,7,9],"tags":[],"aioseo_notices":[],"_links":{"self":[{"href":"https:\/\/www.obispado-mdp.org.ar\/a\/wp-json\/wp\/v2\/posts\/32559"}],"collection":[{"href":"https:\/\/www.obispado-mdp.org.ar\/a\/wp-json\/wp\/v2\/posts"}],"about":[{"href":"https:\/\/www.obispado-mdp.org.ar\/a\/wp-json\/wp\/v2\/types\/post"}],"author":[{"embeddable":true,"href":"https:\/\/www.obispado-mdp.org.ar\/a\/wp-json\/wp\/v2\/users\/4"}],"replies":[{"embeddable":true,"href":"https:\/\/www.obispado-mdp.org.ar\/a\/wp-json\/wp\/v2\/comments?post=32559"}],"version-history":[{"count":3,"href":"https:\/\/www.obispado-mdp.org.ar\/a\/wp-json\/wp\/v2\/posts\/32559\/revisions"}],"predecessor-version":[{"id":32565,"href":"https:\/\/www.obispado-mdp.org.ar\/a\/wp-json\/wp\/v2\/posts\/32559\/revisions\/32565"}],"wp:featuredmedia":[{"embeddable":true,"href":"https:\/\/www.obispado-mdp.org.ar\/a\/wp-json\/wp\/v2\/media\/32561"}],"wp:attachment":[{"href":"https:\/\/www.obispado-mdp.org.ar\/a\/wp-json\/wp\/v2\/media?parent=32559"}],"wp:term":[{"taxonomy":"category","embeddable":true,"href":"https:\/\/www.obispado-mdp.org.ar\/a\/wp-json\/wp\/v2\/categories?post=32559"},{"taxonomy":"post_tag","embeddable":true,"href":"https:\/\/www.obispado-mdp.org.ar\/a\/wp-json\/wp\/v2\/tags?post=32559"}],"curies":[{"name":"wp","href":"https:\/\/api.w.org\/{rel}","templated":true}]}}