{"id":34783,"date":"2022-02-12T18:30:00","date_gmt":"2022-02-12T21:30:00","guid":{"rendered":"https:\/\/www.obispado-mdp.org.ar\/a\/?p=34783"},"modified":"2022-01-28T11:26:47","modified_gmt":"2022-01-28T14:26:47","slug":"evangelio-segun-san-lucas-617-20-26","status":"publish","type":"post","link":"https:\/\/www.obispado-mdp.org.ar\/a\/evangelio-segun-san-lucas-617-20-26\/","title":{"rendered":"Evangelio seg\u00fan San Lucas 6,17.20-26."},"content":{"rendered":"\n<p>Al bajar con ellos se detuvo en una llanura. Estaban all\u00ed muchos de sus disc\u00edpulos y una gran muchedumbre que hab\u00eda llegado de toda la Judea, de Jerusal\u00e9n y de la regi\u00f3n costera de Tiro y Sid\u00f3n,<br>Entonces Jes\u00fas, fijando la mirada en sus disc\u00edpulos, dijo: \u00ab\u00a1Felices ustedes, los pobres, porque el Reino de Dios les pertenece!<br>\u00a1Felices ustedes, los que ahora tienen hambre, porque ser\u00e1n saciados! \u00a1Felices ustedes, los que ahora lloran, porque reir\u00e1n!<br>\u00a1Felices ustedes, cuando los hombres los odien, los excluyan, los insulten y los proscriban, consider\u00e1ndolos infames a causa del Hijo del hombre!<br>\u00a1Al\u00e9grense y ll\u00e9nense de gozo en ese d\u00eda, porque la recompensa de ustedes ser\u00e1 grande en el cielo. De la misma manera los padres de ellos trataban a los profetas!<br>Pero \u00a1ay de ustedes los ricos, porque ya tienen su consuelo!<br>\u00a1Ay de ustedes, los que ahora est\u00e1n satisfechos, porque tendr\u00e1n hambre! \u00a1Ay de ustedes, los que ahora r\u00eden, porque conocer\u00e1n la aflicci\u00f3n y las l\u00e1grimas!<br>\u00a1Ay de ustedes cuando todos los elogien! \u00a1De la misma manera los padres de ellos trataban a los falsos profetas!\u00bb <\/p>\n\n\n\n<p class=\"has-text-align-right\"><em>Extra\u00eddo de la Biblia: Libro del Pueblo de Dios. <\/em><\/p>\n","protected":false},"excerpt":{"rendered":"<p>Al bajar con ellos se detuvo en una llanura. Estaban all\u00ed muchos de sus disc\u00edpulos y una gran muchedumbre que hab\u00eda llegado de toda la Judea, de Jerusal\u00e9n y de la regi\u00f3n costera de Tiro y Sid\u00f3n,Entonces Jes\u00fas, fijando la mirada en sus disc\u00edpulos, dijo: \u00ab\u00a1Felices ustedes, los pobres, porque el Reino de Dios les [&hellip;]<\/p>\n","protected":false},"author":3,"featured_media":31456,"comment_status":"open","ping_status":"closed","sticky":false,"template":"","format":"standard","meta":{"_et_pb_use_builder":"off","_et_pb_old_content":"<!-- wp:paragraph -->\n<p> Al atardecer de ese mismo d\u00eda, el primero de la semana, estando cerradas las puertas del lugar donde se encontraban los disc\u00edpulos, por temor a los jud\u00edos, lleg\u00f3 Jes\u00fas y poni\u00e9ndose en medio de ellos, les dijo: \"\u00a1La paz est\u00e9 con ustedes!\".<br>Mientras dec\u00eda esto, les mostr\u00f3 sus manos y su costado. Los disc\u00edpulos se llenaron de alegr\u00eda cuando vieron al Se\u00f1or.<br>Jes\u00fas les dijo de nuevo: \"\u00a1La paz est\u00e9 con ustedes! Como el Padre me envi\u00f3 a m\u00ed, yo tambi\u00e9n los env\u00edo a ustedes\".<br>Al decirles esto, sopl\u00f3 sobre ellos y a\u00f1adi\u00f3: \"Reciban el Esp\u00edritu Santo.<br>Los pecados ser\u00e1n perdonados a los que ustedes se los perdonen, y ser\u00e1n retenidos a los que ustedes se los retengan\". <\/p>\n<!-- \/wp:paragraph -->\n\n<!-- wp:paragraph {\"align\":\"right\"} -->\n<p class=\"has-text-align-right\"><em>Extra\u00eddo de la Biblia: Libro del Pueblo de Dios. <\/em><\/p>\n<!-- \/wp:paragraph -->","_et_gb_content_width":""},"categories":[6],"tags":[],"aioseo_notices":[],"_links":{"self":[{"href":"https:\/\/www.obispado-mdp.org.ar\/a\/wp-json\/wp\/v2\/posts\/34783"}],"collection":[{"href":"https:\/\/www.obispado-mdp.org.ar\/a\/wp-json\/wp\/v2\/posts"}],"about":[{"href":"https:\/\/www.obispado-mdp.org.ar\/a\/wp-json\/wp\/v2\/types\/post"}],"author":[{"embeddable":true,"href":"https:\/\/www.obispado-mdp.org.ar\/a\/wp-json\/wp\/v2\/users\/3"}],"replies":[{"embeddable":true,"href":"https:\/\/www.obispado-mdp.org.ar\/a\/wp-json\/wp\/v2\/comments?post=34783"}],"version-history":[{"count":1,"href":"https:\/\/www.obispado-mdp.org.ar\/a\/wp-json\/wp\/v2\/posts\/34783\/revisions"}],"predecessor-version":[{"id":34784,"href":"https:\/\/www.obispado-mdp.org.ar\/a\/wp-json\/wp\/v2\/posts\/34783\/revisions\/34784"}],"wp:featuredmedia":[{"embeddable":true,"href":"https:\/\/www.obispado-mdp.org.ar\/a\/wp-json\/wp\/v2\/media\/31456"}],"wp:attachment":[{"href":"https:\/\/www.obispado-mdp.org.ar\/a\/wp-json\/wp\/v2\/media?parent=34783"}],"wp:term":[{"taxonomy":"category","embeddable":true,"href":"https:\/\/www.obispado-mdp.org.ar\/a\/wp-json\/wp\/v2\/categories?post=34783"},{"taxonomy":"post_tag","embeddable":true,"href":"https:\/\/www.obispado-mdp.org.ar\/a\/wp-json\/wp\/v2\/tags?post=34783"}],"curies":[{"name":"wp","href":"https:\/\/api.w.org\/{rel}","templated":true}]}}