{"id":34787,"date":"2022-02-14T18:30:00","date_gmt":"2022-02-14T21:30:00","guid":{"rendered":"https:\/\/www.obispado-mdp.org.ar\/a\/?p=34787"},"modified":"2022-01-28T11:29:28","modified_gmt":"2022-01-28T14:29:28","slug":"evangelio-segun-san-marcos-814-21","status":"publish","type":"post","link":"https:\/\/www.obispado-mdp.org.ar\/a\/evangelio-segun-san-marcos-814-21\/","title":{"rendered":"Evangelio seg\u00fan San Marcos 8,14-21."},"content":{"rendered":"\n<p>Los disc\u00edpulos se hab\u00edan olvidado de llevar pan y no ten\u00edan m\u00e1s que un pan en la barca.<br>Jes\u00fas les hac\u00eda esta recomendaci\u00f3n: \u00abEst\u00e9n atentos, cu\u00eddense de la levadura de los fariseos y de la levadura de Herodes\u00bb.<br>Ellos discut\u00edan entre s\u00ed, porque no hab\u00edan tra\u00eddo pan.<br>Jes\u00fas se dio cuenta y les dijo: \u00ab\u00bfA qu\u00e9 viene esa discusi\u00f3n porque no tienen pan? \u00bfTodav\u00eda no comprenden ni entienden? Ustedes tienen la mente enceguecida.<br>Tienen ojos y no ven, o\u00eddos y no oyen. \u00bfNo recuerdan<br>cu\u00e1ntas canastas llenas de sobras recogieron, cuando repart\u00ed cinco panes entre cinco mil personas?\u00bb. Ellos le respondieron: \u00abDoce\u00bb.<br>\u00abY cuando repart\u00ed siete panes entre cuatro mil personas, \u00bfcu\u00e1ntas canastas llenas de trozos recogieron?\u00bb. Ellos le respondieron: \u00abSiete\u00bb.<br>Entonces Jes\u00fas les dijo: \u00ab\u00bfTodav\u00eda no comprenden?\u00bb. <\/p>\n\n\n\n<p class=\"has-text-align-right\"><em>Extra\u00eddo de la Biblia: Libro del Pueblo de Dios. <\/em><\/p>\n","protected":false},"excerpt":{"rendered":"<p>Los disc\u00edpulos se hab\u00edan olvidado de llevar pan y no ten\u00edan m\u00e1s que un pan en la barca.Jes\u00fas les hac\u00eda esta recomendaci\u00f3n: \u00abEst\u00e9n atentos, cu\u00eddense de la levadura de los fariseos y de la levadura de Herodes\u00bb.Ellos discut\u00edan entre s\u00ed, porque no hab\u00edan tra\u00eddo pan.Jes\u00fas se dio cuenta y les dijo: \u00ab\u00bfA qu\u00e9 viene esa [&hellip;]<\/p>\n","protected":false},"author":3,"featured_media":31452,"comment_status":"open","ping_status":"closed","sticky":false,"template":"","format":"standard","meta":{"_et_pb_use_builder":"off","_et_pb_old_content":"<!-- wp:paragraph -->\n<p> Al atardecer de ese mismo d\u00eda, el primero de la semana, estando cerradas las puertas del lugar donde se encontraban los disc\u00edpulos, por temor a los jud\u00edos, lleg\u00f3 Jes\u00fas y poni\u00e9ndose en medio de ellos, les dijo: \"\u00a1La paz est\u00e9 con ustedes!\".<br>Mientras dec\u00eda esto, les mostr\u00f3 sus manos y su costado. Los disc\u00edpulos se llenaron de alegr\u00eda cuando vieron al Se\u00f1or.<br>Jes\u00fas les dijo de nuevo: \"\u00a1La paz est\u00e9 con ustedes! Como el Padre me envi\u00f3 a m\u00ed, yo tambi\u00e9n los env\u00edo a ustedes\".<br>Al decirles esto, sopl\u00f3 sobre ellos y a\u00f1adi\u00f3: \"Reciban el Esp\u00edritu Santo.<br>Los pecados ser\u00e1n perdonados a los que ustedes se los perdonen, y ser\u00e1n retenidos a los que ustedes se los retengan\". <\/p>\n<!-- \/wp:paragraph -->\n\n<!-- wp:paragraph {\"align\":\"right\"} -->\n<p class=\"has-text-align-right\"><em>Extra\u00eddo de la Biblia: Libro del Pueblo de Dios. <\/em><\/p>\n<!-- \/wp:paragraph -->","_et_gb_content_width":""},"categories":[6],"tags":[],"aioseo_notices":[],"_links":{"self":[{"href":"https:\/\/www.obispado-mdp.org.ar\/a\/wp-json\/wp\/v2\/posts\/34787"}],"collection":[{"href":"https:\/\/www.obispado-mdp.org.ar\/a\/wp-json\/wp\/v2\/posts"}],"about":[{"href":"https:\/\/www.obispado-mdp.org.ar\/a\/wp-json\/wp\/v2\/types\/post"}],"author":[{"embeddable":true,"href":"https:\/\/www.obispado-mdp.org.ar\/a\/wp-json\/wp\/v2\/users\/3"}],"replies":[{"embeddable":true,"href":"https:\/\/www.obispado-mdp.org.ar\/a\/wp-json\/wp\/v2\/comments?post=34787"}],"version-history":[{"count":1,"href":"https:\/\/www.obispado-mdp.org.ar\/a\/wp-json\/wp\/v2\/posts\/34787\/revisions"}],"predecessor-version":[{"id":34788,"href":"https:\/\/www.obispado-mdp.org.ar\/a\/wp-json\/wp\/v2\/posts\/34787\/revisions\/34788"}],"wp:featuredmedia":[{"embeddable":true,"href":"https:\/\/www.obispado-mdp.org.ar\/a\/wp-json\/wp\/v2\/media\/31452"}],"wp:attachment":[{"href":"https:\/\/www.obispado-mdp.org.ar\/a\/wp-json\/wp\/v2\/media?parent=34787"}],"wp:term":[{"taxonomy":"category","embeddable":true,"href":"https:\/\/www.obispado-mdp.org.ar\/a\/wp-json\/wp\/v2\/categories?post=34787"},{"taxonomy":"post_tag","embeddable":true,"href":"https:\/\/www.obispado-mdp.org.ar\/a\/wp-json\/wp\/v2\/tags?post=34787"}],"curies":[{"name":"wp","href":"https:\/\/api.w.org\/{rel}","templated":true}]}}