{"id":34797,"date":"2022-02-19T18:30:00","date_gmt":"2022-02-19T21:30:00","guid":{"rendered":"https:\/\/www.obispado-mdp.org.ar\/a\/?p=34797"},"modified":"2022-01-28T11:35:49","modified_gmt":"2022-01-28T14:35:49","slug":"evangelio-segun-san-lucas-627-38-2","status":"publish","type":"post","link":"https:\/\/www.obispado-mdp.org.ar\/a\/evangelio-segun-san-lucas-627-38-2\/","title":{"rendered":"Evangelio seg\u00fan San Lucas 6,27-38."},"content":{"rendered":"\n<p>Jes\u00fas dijo a sus disc\u00edpulos:<br>\u00abYo les digo a ustedes que me escuchan: Amen a sus enemigos, hagan el bien a los que los odian.<br>Bendigan a los que los maldicen, rueguen por los que los difaman.<br>Al que te pegue en una mejilla, pres\u00e9ntale tambi\u00e9n la otra; al que te quite el manto, no le niegues la t\u00fanica.<br>Dale a todo el que te pida, y al que tome lo tuyo no se lo reclames.<br>Hagan por los dem\u00e1s lo que quieren que los hombres hagan por ustedes.<br>Si aman a aquellos que los aman, \u00bfqu\u00e9 m\u00e9rito tienen? Porque hasta los pecadores aman a aquellos que los aman.<br>Si hacen el bien a aquellos que se lo hacen a ustedes, \u00bfqu\u00e9 m\u00e9rito tienen? Eso lo hacen tambi\u00e9n los pecadores.<br>Y si prestan a aquellos de quienes esperan recibir, \u00bfqu\u00e9 m\u00e9rito tienen? Tambi\u00e9n los pecadores prestan a los pecadores, para recibir de ellos lo mismo.<br>Amen a sus enemigos, hagan el bien y presten sin esperar nada en cambio. Entonces la recompensa de ustedes ser\u00e1 grande y ser\u00e1n hijos del Alt\u00edsimo, porque \u00e9l es bueno con los desagradecidos y los malos.<br>Sean misericordiosos, como el Padre de ustedes es misericordioso.<br>No juzguen y no ser\u00e1n juzgados; no condenen y no ser\u00e1n condenados; perdonen y ser\u00e1n perdonados.<br>Den, y se les dar\u00e1. Les volcar\u00e1n sobre el regazo una buena medida, apretada, sacudida y desbordante. Porque la medida con que ustedes midan tambi\u00e9n se usar\u00e1 para ustedes\u00bb. <\/p>\n\n\n\n<p class=\"has-text-align-right\"><em>Extra\u00eddo de la Biblia: Libro del Pueblo de Dios. <\/em><\/p>\n","protected":false},"excerpt":{"rendered":"<p>Jes\u00fas dijo a sus disc\u00edpulos:\u00abYo les digo a ustedes que me escuchan: Amen a sus enemigos, hagan el bien a los que los odian.Bendigan a los que los maldicen, rueguen por los que los difaman.Al que te pegue en una mejilla, pres\u00e9ntale tambi\u00e9n la otra; al que te quite el manto, no le niegues la [&hellip;]<\/p>\n","protected":false},"author":3,"featured_media":31456,"comment_status":"open","ping_status":"closed","sticky":false,"template":"","format":"standard","meta":{"_et_pb_use_builder":"off","_et_pb_old_content":"<!-- wp:paragraph -->\n<p> Al atardecer de ese mismo d\u00eda, el primero de la semana, estando cerradas las puertas del lugar donde se encontraban los disc\u00edpulos, por temor a los jud\u00edos, lleg\u00f3 Jes\u00fas y poni\u00e9ndose en medio de ellos, les dijo: \"\u00a1La paz est\u00e9 con ustedes!\".<br>Mientras dec\u00eda esto, les mostr\u00f3 sus manos y su costado. Los disc\u00edpulos se llenaron de alegr\u00eda cuando vieron al Se\u00f1or.<br>Jes\u00fas les dijo de nuevo: \"\u00a1La paz est\u00e9 con ustedes! Como el Padre me envi\u00f3 a m\u00ed, yo tambi\u00e9n los env\u00edo a ustedes\".<br>Al decirles esto, sopl\u00f3 sobre ellos y a\u00f1adi\u00f3: \"Reciban el Esp\u00edritu Santo.<br>Los pecados ser\u00e1n perdonados a los que ustedes se los perdonen, y ser\u00e1n retenidos a los que ustedes se los retengan\". <\/p>\n<!-- \/wp:paragraph -->\n\n<!-- wp:paragraph {\"align\":\"right\"} -->\n<p class=\"has-text-align-right\"><em>Extra\u00eddo de la Biblia: Libro del Pueblo de Dios. <\/em><\/p>\n<!-- \/wp:paragraph -->","_et_gb_content_width":""},"categories":[6],"tags":[],"aioseo_notices":[],"_links":{"self":[{"href":"https:\/\/www.obispado-mdp.org.ar\/a\/wp-json\/wp\/v2\/posts\/34797"}],"collection":[{"href":"https:\/\/www.obispado-mdp.org.ar\/a\/wp-json\/wp\/v2\/posts"}],"about":[{"href":"https:\/\/www.obispado-mdp.org.ar\/a\/wp-json\/wp\/v2\/types\/post"}],"author":[{"embeddable":true,"href":"https:\/\/www.obispado-mdp.org.ar\/a\/wp-json\/wp\/v2\/users\/3"}],"replies":[{"embeddable":true,"href":"https:\/\/www.obispado-mdp.org.ar\/a\/wp-json\/wp\/v2\/comments?post=34797"}],"version-history":[{"count":1,"href":"https:\/\/www.obispado-mdp.org.ar\/a\/wp-json\/wp\/v2\/posts\/34797\/revisions"}],"predecessor-version":[{"id":34798,"href":"https:\/\/www.obispado-mdp.org.ar\/a\/wp-json\/wp\/v2\/posts\/34797\/revisions\/34798"}],"wp:featuredmedia":[{"embeddable":true,"href":"https:\/\/www.obispado-mdp.org.ar\/a\/wp-json\/wp\/v2\/media\/31456"}],"wp:attachment":[{"href":"https:\/\/www.obispado-mdp.org.ar\/a\/wp-json\/wp\/v2\/media?parent=34797"}],"wp:term":[{"taxonomy":"category","embeddable":true,"href":"https:\/\/www.obispado-mdp.org.ar\/a\/wp-json\/wp\/v2\/categories?post=34797"},{"taxonomy":"post_tag","embeddable":true,"href":"https:\/\/www.obispado-mdp.org.ar\/a\/wp-json\/wp\/v2\/tags?post=34797"}],"curies":[{"name":"wp","href":"https:\/\/api.w.org\/{rel}","templated":true}]}}