{"id":34853,"date":"2022-02-01T09:20:37","date_gmt":"2022-02-01T12:20:37","guid":{"rendered":"https:\/\/www.obispado-mdp.org.ar\/a\/?p=34853"},"modified":"2022-02-02T08:57:37","modified_gmt":"2022-02-02T11:57:37","slug":"el-cardenal-gregorio-rosa-chavez-visita-mar-del-plata-fundacion","status":"publish","type":"post","link":"https:\/\/www.obispado-mdp.org.ar\/a\/el-cardenal-gregorio-rosa-chavez-visita-mar-del-plata-fundacion\/","title":{"rendered":"El CARDENAL GREGORIO ROSA CHAVEZ  VISITA MAR DEL PLATA. FUNDACI\u00d3N."},"content":{"rendered":"\n<p class=\"has-background has-pale-cyan-blue-background-color\"><strong>El cardenal Gregorio Rosa Ch\u00e1vez, de El Salvador, realizar\u00e1 una visita pastoral a la di\u00f3cesis y participar\u00e1 de la fundaci\u00f3n de la comunidad de las Hermanas Siervas de la Divina Misericordia en la ciudad de Piran.<\/strong><\/p>\n\n\n\n<p>El pr\u00f3ximo s\u00e1bado 5 de febrero a las 11 hs en la capilla del Colegio Don Bosco de General Pir\u00e1n tendr\u00e1 lugar la celebraci\u00f3n en la que se proceder\u00e1 a la fundaci\u00f3n de la comunidad de las hermanas Siervas de la Misericordia de Dios. La celebraci\u00f3n ser\u00e1 presidida por el cardenal Gregorio Rosa Ch\u00e1vez de El Salvador y concelebrada por nuestro padre obispo Gabriel Mestre, obispo auxiliar y sacerdotes. <\/p>\n\n\n\n<p><strong>Cardenal Gregorio Rosa\nChavez<\/strong><\/p>\n\n\n\n<p><strong>Cardenal salvadore\u00f1o. Fue\nnombrado en el Vaticano como el primer cardenal en la historia de El Salvador. Disc\u00edpulo\nde Mons. Romero. Se destac\u00f3 activamente en el proceso de di\u00e1logo y negociaci\u00f3n\nque llevaron a la firma de los Acuerdos de Paz en&nbsp;<\/strong><a href=\"https:\/\/www.ecured.cu\/1992\"><strong>1992<\/strong><\/a><strong>&nbsp;y que pusieron fin al conflicto armado de\nEl Salvador. Un hacedor de la paz y gran comunicador.<\/strong><\/p>\n\n\n\n<p>Naci\u00f3 el&nbsp;<a href=\"https:\/\/www.ecured.cu\/3_de_septiembre\">3 de\nseptiembre<\/a>&nbsp;de&nbsp;<a href=\"https:\/\/www.ecured.cu\/1942\">1942<\/a>&nbsp;en el municipio de Sociedad, departamento de&nbsp;<a href=\"https:\/\/www.ecured.cu\/Moraz%C3%A1n\">Moraz\u00e1n<\/a>, El\nSalvador. Realiz\u00f3 estudios de Licenciatura Comunicaci\u00f3n Social en la&nbsp;<a href=\"https:\/\/www.ecured.cu\/Universidad_Cat%C3%B3lica_de_Lovaina\">Universidad Cat\u00f3lica de Lovaina<\/a>,&nbsp;<a href=\"https:\/\/www.ecured.cu\/B%C3%A9lgica\">B\u00e9lgica<\/a>&nbsp;desde\n(<a href=\"https:\/\/www.ecured.cu\/1973\">1973<\/a>\u2013<a href=\"https:\/\/www.ecured.cu\/1976\">1976<\/a>).<\/p>\n\n\n\n<p><strong>Como Sacerdote<\/strong><\/p>\n\n\n\n<p>Fue ordenado como sacerdote\nel&nbsp;<a href=\"https:\/\/www.ecured.cu\/24_de_enero\">24 de enero<\/a>&nbsp;de&nbsp;<a href=\"https:\/\/www.ecured.cu\/1970\">1970<\/a>, en la catedral\nde&nbsp;<a href=\"https:\/\/www.ecured.cu\/San_Miguel\">San Miguel<\/a>,\nde manos de&nbsp;<a href=\"https:\/\/www.ecured.cu\/index.php?title=Monse%C3%B1or&amp;action=edit&amp;redlink=1\">Monse\u00f1or<\/a>&nbsp;<a href=\"https:\/\/www.ecured.cu\/index.php?title=Jos%C3%A9_Eduardo_%C3%81lvarez_Ram%C3%ADrez&amp;action=edit&amp;redlink=1\">Jos\u00e9 Eduardo\n\u00c1lvarez Ram\u00edrez<\/a>&nbsp;Para el a\u00f1o&nbsp;<a href=\"https:\/\/www.ecured.cu\/1965\">1965<\/a>&nbsp;sirvi\u00f3 en el\nSeminario Menor de la Di\u00f3cesis de la ciudad de San Miguel. Fue secretario\nepiscopal y p\u00e1rroco de la&nbsp;<a href=\"https:\/\/www.ecured.cu\/index.php?title=Iglesia_El_Rosario&amp;action=edit&amp;redlink=1\">Iglesia El Rosario<\/a>&nbsp;en&nbsp;<a href=\"https:\/\/www.ecured.cu\/San_Salvador\">San Salvador<\/a>.\nProfesor de teolog\u00eda y rector del Seminario Central San Jos\u00e9 de la Monta\u00f1a.<\/p>\n\n\n\n<p><strong>Como Obispo<\/strong><\/p>\n\n\n\n<p>Nombrado el&nbsp;<a href=\"https:\/\/www.ecured.cu\/17_de_febrero\">17 de febrero<\/a>&nbsp;de&nbsp;<a href=\"https:\/\/www.ecured.cu\/1982\">1982<\/a>&nbsp;obispo auxiliar\nde la arquidi\u00f3cesis de&nbsp;<a href=\"https:\/\/www.ecured.cu\/San_Salvador\">San Salvador<\/a>, El Salvador. En la actualidad es\np\u00e1rroco de la iglesia San Francisco en San Salvador, y dirige el grupo juvenil\n\u00abMonse\u00f1or Romero\u00bb.<\/p>\n\n\n\n<p><strong>Como Cardenal<\/strong><\/p>\n\n\n\n<p>El&nbsp;<a href=\"https:\/\/www.ecured.cu\/28_de_junio\">28 de junio<\/a>&nbsp;de&nbsp;<a href=\"https:\/\/www.ecured.cu\/2017\">2017<\/a>, el papa Francisco le\nimpuso la birreta cardenalicia celebrado en la bas\u00edlica de San Pedro, siendo el\nprimer salvadore\u00f1o en ser incorporado al Colegio Cardenalicio bajo el t\u00edtulo de\ncardenal presb\u00edtero del Sant\u00edsimo Sacramento en Tor de&#8217; Schiavi.<\/p>\n\n\n\n<p><strong>UN HACEDOR DE LA PAZ<\/strong><\/p>\n\n\n\n<p>Rosa Ch\u00e1vez, en representaci\u00f3n del papa Francisco, dirigi\u00f3 hace unos d\u00edas la ceremonia de beatificaci\u00f3n del jesuita R<strong>utilio Grande, los laicos Manuel Sol\u00f3rzano y Nelson Lemus, y del fray Cosme Spessotto,<\/strong> en Salvador. En esa ceremonia lanz\u00f3 ayer un contundente mensaje para reivindicar la importancia de los Acuerdos de Paz, que el 16 de enero cumplieron 30 a\u00f1os de haber puesto fin a la guerra, en medio de una narrativa oficialista empe\u00f1ada en desconocer su significado en la historia de El Salvador.<\/p>\n\n\n\n<p>El cardenal inici\u00f3 su homil\u00eda\nrecordando que los nuevos beatos son v\u00edctimas de la guerra y adem\u00e1s representan\na \u00abinnumerables m\u00e1rtires an\u00f3nimos que forman parte de ese n\u00famero simb\u00f3lico\nde los 75,000 muertos que hemos llorado a lo largo de la lucha fratricida que\nnos desangr\u00f3 durante 12 a\u00f1os, y que termin\u00f3 felizmente cuando las partes\nenfrentadas firmaron los Acuerdos de Paz\u00bb.<\/p>\n\n\n\n<p>Anteriormente, en 1997, el&nbsp; cardenal salvadore\u00f1o&nbsp;Gregorio Rosa\nCh\u00e1vez,&nbsp;en representaci\u00f3n del papa Francisco, encabez\u00f3 la primera misi\u00f3n para\ngestionar la paz entre Corea del Norte y Corea del Sur. <\/p>\n\n\n\n<p><strong>UN GRAN COMUNICADOR Y UN EXPERTO EN CONFLICTOS<\/strong><\/p>\n\n\n\n<p>El cardenal Gregorio Rosa Ch\u00e1vez se destac\u00f3 siempre como un&nbsp;especialista en conflictos. Era un joven sacerdote que acababa de volver a su pa\u00eds desde Lovaina, la universidad belga donde hab\u00eda estudiado comunicaci\u00f3n social, cuando monse\u00f1or Romero lo hizo rector del seminario diocesano y, precisamente por sus estudios, responsable de los medios de comunicaci\u00f3n de la di\u00f3cesis. Despu\u00e9s Romero fue asesinado y la lucha armada de la guerrilla del Frente Farabundo Mart\u00ed para la liberaci\u00f3n nacional contra el gobierno comenz\u00f3 una escalada. Rosa Ch\u00e1vez propici\u00f3 la negociaci\u00f3n en diversos momentos e intervino para mediar en favor de secuestrados que se encontraban en manos de los guerrilleros. Los acuerdos de paz de 1992 y su aplicaci\u00f3n lo encuentran en primera fila.<\/p>\n\n\n\n<p>Rosa Ch\u00e1vez asegur\u00f3 cuando recibi\u00f3 su envestidura que se ha convertido en el emisario del Papa Francisco, qui\u00e9n le expres\u00f3 que necesitaba a una persona para que lograr\u00e1 la paz entre Corea del Sur y Corea del Norte. <\/p>\n\n\n\n<figure class=\"wp-block-image size-large\"><img loading=\"lazy\" width=\"192\" height=\"263\" src=\"https:\/\/www.obispado-mdp.org.ar\/a\/wp-content\/uploads\/2022\/02\/descarga.jpg\" alt=\"\" class=\"wp-image-34855\"\/><\/figure>\n","protected":false},"excerpt":{"rendered":"<p>El cardenal Gregorio Rosa Ch\u00e1vez, de El Salvador, realizar\u00e1 una visita pastoral a la di\u00f3cesis y participar\u00e1 de la fundaci\u00f3n de la comunidad de las Hermanas Siervas de la Divina Misericordia en la ciudad de Piran. El pr\u00f3ximo s\u00e1bado 5 de febrero a las 11 hs en la capilla del Colegio Don Bosco de General [&hellip;]<\/p>\n","protected":false},"author":4,"featured_media":34854,"comment_status":"open","ping_status":"open","sticky":false,"template":"","format":"standard","meta":{"_et_pb_use_builder":"off","_et_pb_old_content":"","_et_gb_content_width":""},"categories":[3,4,12],"tags":[],"aioseo_notices":[],"_links":{"self":[{"href":"https:\/\/www.obispado-mdp.org.ar\/a\/wp-json\/wp\/v2\/posts\/34853"}],"collection":[{"href":"https:\/\/www.obispado-mdp.org.ar\/a\/wp-json\/wp\/v2\/posts"}],"about":[{"href":"https:\/\/www.obispado-mdp.org.ar\/a\/wp-json\/wp\/v2\/types\/post"}],"author":[{"embeddable":true,"href":"https:\/\/www.obispado-mdp.org.ar\/a\/wp-json\/wp\/v2\/users\/4"}],"replies":[{"embeddable":true,"href":"https:\/\/www.obispado-mdp.org.ar\/a\/wp-json\/wp\/v2\/comments?post=34853"}],"version-history":[{"count":2,"href":"https:\/\/www.obispado-mdp.org.ar\/a\/wp-json\/wp\/v2\/posts\/34853\/revisions"}],"predecessor-version":[{"id":34867,"href":"https:\/\/www.obispado-mdp.org.ar\/a\/wp-json\/wp\/v2\/posts\/34853\/revisions\/34867"}],"wp:featuredmedia":[{"embeddable":true,"href":"https:\/\/www.obispado-mdp.org.ar\/a\/wp-json\/wp\/v2\/media\/34854"}],"wp:attachment":[{"href":"https:\/\/www.obispado-mdp.org.ar\/a\/wp-json\/wp\/v2\/media?parent=34853"}],"wp:term":[{"taxonomy":"category","embeddable":true,"href":"https:\/\/www.obispado-mdp.org.ar\/a\/wp-json\/wp\/v2\/categories?post=34853"},{"taxonomy":"post_tag","embeddable":true,"href":"https:\/\/www.obispado-mdp.org.ar\/a\/wp-json\/wp\/v2\/tags?post=34853"}],"curies":[{"name":"wp","href":"https:\/\/api.w.org\/{rel}","templated":true}]}}