{"id":34878,"date":"2022-02-03T09:01:21","date_gmt":"2022-02-03T12:01:21","guid":{"rendered":"https:\/\/www.obispado-mdp.org.ar\/a\/?p=34878"},"modified":"2022-02-03T18:06:46","modified_gmt":"2022-02-03T21:06:46","slug":"navegar-mar-adentro-y-echen-las-redes-lc-54","status":"publish","type":"post","link":"https:\/\/www.obispado-mdp.org.ar\/a\/navegar-mar-adentro-y-echen-las-redes-lc-54\/","title":{"rendered":"NAVEGA MAR ADENTRO, Y ECHEN LAS REDES\u00bb (Lc 5,4)"},"content":{"rendered":"\n<p class=\"has-background has-pale-cyan-blue-background-color\"><strong>La pesca milagrosa: un verdadero proyecto de vida con Jes\u00fas &#8211; Mensaje Vocacional 2022 del padre obispo Gabriel Mestre.<\/strong><\/p>\n\n\n\n<p>Hermanas y hermanos; queridos j\u00f3venes: Las lecturas b\u00edblicas\nde este fin de semana nos presentan tres grandes testigos de la fe en la\nSagrada Escritura: Isa\u00edas, Pablo y Pedro. En los relatos, los tres nos revelan\nalgo de su camino vocacional. Es bueno que hagamos Lectio Divina con los textos\nsagrados y dejemos que Dios nos hable. La Biblia hace espejo de nuestra vida\nhoy para seguir creciendo y madurando, con la audacia del Esp\u00edritu, en la\nvivencia, transmisi\u00f3n y compromiso de la fe de cara a la realizaci\u00f3n de nuestro\nPrimer S\u00ednodo Diocesano. <\/p>\n\n\n\n<p>En este Mensaje Vocacional 2022 me voy a concentrar en el\nEvangelio con su alto contenido vocacional de seguimiento de Cristo para que la\nexperiencia de Pedro y sus compa\u00f1eros nos ilumine y nos aliente. Propongo tres\npuntos para meditar sintetizados en tres palabras: PROFUNDIDAD, PALABRA,\nMISI\u00d3N. <\/p>\n\n\n\n<p><strong>PROFUNDIDAD <\/strong><\/p>\n\n\n\n<p>Aunque no seamos especialistas en cuestiones marinas y\noce\u00e1nicas, podemos captar e intuir que adentrarse en el mar, navegar mar\nadentro, implica ganar en PROFUNDIDAD. A medida que nos alejamos de la costa\nlas aguas se vuelven m\u00e1s PROFUNDAS. Esta met\u00e1fora, esta imagen nos puede\nestimular para que realmente ganemos PROFUNDIDAD en la totalidad de nuestra\nvida. Ser PROFUNDOS nos hace bien porque nos permite encontrarnos con Dios, con\nnosotros mismos y con nuestros hermanos. La PROFUNDIDAD nos libra de dos\ntentaciones de nuestro tiempo: la superficialidad y la mediocridad. La\nsuperficialidad nos hace quedarnos solo en lo exterior, en la careteada que no\nbusca PROFUNDIZAR en las situaciones. Nos sentimos m\u00e1s c\u00f3modos en la c\u00e1scara de\nlas cosas y nos cuesta ir a lo PROFUNDO en los v\u00ednculos, en los discernimientos\ny en las decisiones de nuestra vida. La mediocridad no nos permite abrirnos a\nla audacia del Esp\u00edritu y ser realmente PROFUNDOS. Muchas veces criticamos con\nfundamento la mediocridad que nos rodea y, terminamos nosotros mismos contagiados\ny siendo parte de esa mediocridad ambiental. <\/p>\n\n\n\n<p>Estamos invitados a asumir el programa de Jes\u00fas que nos dice\nque naveguemos mar adentro en nuestra vida e historia. Es decir, siempre ganar\nPROFUNDIDAD en las realidades que tenemos que afrontar: lo bueno y lo malo, lo\ngozoso y lo doloroso&#8230; Navegar, no escapar, buscar PROFUNDIDAD y rechazar toda\ntentaci\u00f3n de superficialidad y mediocridad. \u00a1En la PROFUNDIDAD de nuestra vida\nrealmente nos vamos a encontrar con el Se\u00f1or! <\/p>\n\n\n\n<p>1. \u00bfD\u00f3nde deber\u00e9 ganar en PROFUNDIDAD en mi vida hoy para\nencontrarme con Dios? <br>\n2. \u00bfBusco PROFUNDIDAD en el di\u00e1logo, en los v\u00ednculos, en mis relaciones\nhabituales en mi familia, amigos y ambientes? <br>\n3. \u00bfQu\u00e9 situaciones de tentaci\u00f3n de superficialidad y mediocridad tendr\u00e9 que\nsuperar? <br>\n4. \u00bfQu\u00e9 es lo que m\u00e1s me molesta de la superficialidad de mi ambiente? <br>\n5. \u00bfMe dejo contagiar por la mediocridad de la cultura dominante en mi entorno?\n<br>\n6. \u00bfBusco tener un PROFUNDO y verdadero proyecto de vida acorde a mi edad y\nsituaci\u00f3n? <\/p>\n\n\n\n<p>\u00a1Qu\u00e9 con Pedro y sus compa\u00f1eros hoy y siempre ganemos en\nPROFUNDIDAD en todos los \u00e1mbitos de nuestra vida para encontrarnos con Dios! <\/p>\n\n\n\n<p><strong>PALABRA <\/strong><\/p>\n\n\n\n<p>Pedro conf\u00eda en la PALABRA de Jes\u00fas. Contra todo c\u00e1lculo\nhumano, que por experiencia sosten\u00eda que si durante la noche no hab\u00eda pique\nmenos lo iba a haber en la ma\u00f1ana, Pedro hace caso a Jes\u00fas y apuesta por su\nPALABRA. La frase de Pedro es contundente, literalmente en la lengua griega del\nNuevo Testamento dice: \u201cen tu PALABRA echar\u00e9 las redes\u201d (Lc 5,5). Somos\ninvitados con Pedro y como Pedro a confiar en la PALABRA de Jes\u00fas. Cristo y su\nPALABRA de vida para nosotros son un verdadero camino vocacional en nuestro\ntiempo hoy. Es la seguridad del Dios que es PALABRA y su PALABRA de vida lo que\nnos permite navegar mar adentro para ganar en profundidad. Su PALABRA nos\npermite ser hombres y mujeres de fe y confianza en medio de la inestabilidad de\nla vida y la historia. PALABRA que supera todo c\u00e1lculo humano y nos abre a un\nproyecto de vida audaz donde los milagros cotidianos de Jes\u00fas van a estar\npresentes para sostenernos y darle consistencia a nuestra existencia. <br>\n<br>\n7. \u00bfConf\u00edo en la PALABRA de Jes\u00fas para mi vida hoy? <br>\n8. \u00bfQu\u00e9 me est\u00e1 diciendo la PALABRA de Jes\u00fas en este momento de mi historia? <br>\n9. En mi discernimiento vocacional y\/o en mis discernimientos cotidianos: \u00bfMe\nquedo solo en el \u201cc\u00e1lculo humano\u201d o busco sinceramente hacer pie en la PALABRA\nde vida que siempre me ofrece el Se\u00f1or? <br>\n10. \u00bfEcho las redes en la PALABRA de Jes\u00fas y conf\u00edo en su programa para m\u00ed y\npara mi entorno? <br>\n11. \u00bfAcepto que para Dios nada es imposible? <br>\n12. \u00bfDescubro que, incluso cuando todo pareciera estar perdido, Dios puede\nhacer ese \u201cmilagro cotidiano\u201d que da un sentido nuevo a la vida? <br>\n<br>\n\u00a1Qu\u00e9, como Pedro y sus compa\u00f1eros, realmente confiemos en la PALABRA de Jes\u00fas y\nella sea siempre seguridad y solidez para nuestro proyecto de vida! <\/p>\n\n\n\n<p><strong>MISI\u00d3N<\/strong> <\/p>\n\n\n\n<p>En el relato evang\u00e9lico percibimos la conversi\u00f3n y\nrenovaci\u00f3n en la vida de Pedro. Este cambio se ve ratificado por el compromiso\nque le hace asumir el Se\u00f1or de cara a la MISI\u00d3N: \u201cNo temas, de ahora en\nadelante ser\u00e1s pescador de hombres\u201d (Lc 5,10). Esta met\u00e1fora no debe ser\nentendida en clave de proselitismo, es decir con la intenci\u00f3n de ganar\npartidarios o adeptos para la Iglesia, sino en perspectiva de MISI\u00d3N\nevangelizadora: dar a conocer a los dem\u00e1s lo mucho de bien que Cristo nos hace.\nEsa es la verdadera MISI\u00d3N: poder proclamar con las palabras y con las obras\nque Jes\u00fas realmente nos ama y quiere lo mejor para cada uno en cualquier circunstancia\nde vida que se encuentre. Ser MISIONEROS es dejarse transformar por el Se\u00f1or\ncomo Pedro y salir de s\u00ed a contagiar a los dem\u00e1s la alegr\u00eda de estar cerca de\nJes\u00fas y su Palabra. En nuestro camino sinodal, y en las puertas de la\ncelebraci\u00f3n del Primer S\u00ednodo Diocesano, queremos ser realmente MISIONEROS en\nuna evangelizaci\u00f3n y catequesis renovadas seg\u00fan el designio de Dios. <br>\n13. \u00bfDescubro que mi vida y vocaci\u00f3n es, por sobre todas las cosas, MISI\u00d3N? <br>\n14. \u00bfSoy MISIONERO en mis ambientes cotidianos? <br>\n15. \u00bfDe qu\u00e9 forma\u2026 con qu\u00e9 actitud? <br>\n16. Sea cual sea mi proyecto de vida: \u00bfSoy consciente que la MISI\u00d3N es algo\nesencial y que no se puede negociar? <br>\n17. \u00bfCu\u00e1les han sido mis mejores experiencias de MISI\u00d3N? <br>\n18. De ahora en adelante y a la luz de este Evangelio: \u00bfQu\u00e9 puedo hacer para\ncrecer en aut\u00e9ntico esp\u00edritu MISIONERO en todos los \u00e1mbitos de mi vida? <br>\n<br>\n\u00a1Qu\u00e9 a imagen de Pedro, seamos MISIONEROS audaces de la Palabra de Vida que\nJes\u00fas nos trae, para siempre anunciarla con alegr\u00eda a todas las personas que el\nmismo Dios pone en el horizonte de nuestra existencia!<\/p>\n\n\n\n<p><strong>&nbsp;Hermanas y hermanos, queridos j\u00f3venes:<\/strong> La\nvocaci\u00f3n cristiana es abrirse constantemente a Jes\u00fas, a su Palabra de vida y a\nlos milagros cotidianos que \u00c9l sigue realizando hoy. Que en esta semana\nvocacional del verano 2022, prepar\u00e1ndonos para la realizaci\u00f3n de nuestro Primer\nS\u00ednodo Diocesano, podamos renovar nuestra vocaci\u00f3n com\u00fan bautismal en el\nencuentro gozoso con Cristo y en el anuncio alegre de su Palabra en la\nevangelizaci\u00f3n y en la catequesis. Para los que a\u00fan no han definido su camino\nvocacional, pedimos a Dios que puedan abrir sus corazones para escuchar el\nsue\u00f1o, el proyecto de plenitud que Jes\u00fas tiene para cada uno siempre al\nservicio de los hermanos. <\/p>\n\n\n\n<p>\u00a1Que la intercesi\u00f3n de Mar\u00eda, de Pedro y del profeta Isa\u00edas nos acompa\u00f1e siempre! Con mi afecto y bendici\u00f3n de padre, hermano y amigo. <br> <br> + Mons. Gabriel Mestre Obispo de Mar del Plata Argentina<\/p>\n\n\n\n<p><a href=\"https:\/\/www.obispado-mdp.org.ar\/a\/wp-content\/uploads\/2022\/02\/Obispo-MESTRE-Mensaje-vocacional-Febrero-2022.pdf\">BAJAR EL MENSAJE EN PDF<\/a>.<\/p>\n","protected":false},"excerpt":{"rendered":"<p>La pesca milagrosa: un verdadero proyecto de vida con Jes\u00fas &#8211; Mensaje Vocacional 2022 del padre obispo Gabriel Mestre. Hermanas y hermanos; queridos j\u00f3venes: Las lecturas b\u00edblicas de este fin de semana nos presentan tres grandes testigos de la fe en la Sagrada Escritura: Isa\u00edas, Pablo y Pedro. En los relatos, los tres nos revelan [&hellip;]<\/p>\n","protected":false},"author":4,"featured_media":34879,"comment_status":"open","ping_status":"open","sticky":false,"template":"","format":"standard","meta":{"_et_pb_use_builder":"off","_et_pb_old_content":"","_et_gb_content_width":""},"categories":[4,9],"tags":[],"aioseo_notices":[],"_links":{"self":[{"href":"https:\/\/www.obispado-mdp.org.ar\/a\/wp-json\/wp\/v2\/posts\/34878"}],"collection":[{"href":"https:\/\/www.obispado-mdp.org.ar\/a\/wp-json\/wp\/v2\/posts"}],"about":[{"href":"https:\/\/www.obispado-mdp.org.ar\/a\/wp-json\/wp\/v2\/types\/post"}],"author":[{"embeddable":true,"href":"https:\/\/www.obispado-mdp.org.ar\/a\/wp-json\/wp\/v2\/users\/4"}],"replies":[{"embeddable":true,"href":"https:\/\/www.obispado-mdp.org.ar\/a\/wp-json\/wp\/v2\/comments?post=34878"}],"version-history":[{"count":2,"href":"https:\/\/www.obispado-mdp.org.ar\/a\/wp-json\/wp\/v2\/posts\/34878\/revisions"}],"predecessor-version":[{"id":34881,"href":"https:\/\/www.obispado-mdp.org.ar\/a\/wp-json\/wp\/v2\/posts\/34878\/revisions\/34881"}],"wp:featuredmedia":[{"embeddable":true,"href":"https:\/\/www.obispado-mdp.org.ar\/a\/wp-json\/wp\/v2\/media\/34879"}],"wp:attachment":[{"href":"https:\/\/www.obispado-mdp.org.ar\/a\/wp-json\/wp\/v2\/media?parent=34878"}],"wp:term":[{"taxonomy":"category","embeddable":true,"href":"https:\/\/www.obispado-mdp.org.ar\/a\/wp-json\/wp\/v2\/categories?post=34878"},{"taxonomy":"post_tag","embeddable":true,"href":"https:\/\/www.obispado-mdp.org.ar\/a\/wp-json\/wp\/v2\/tags?post=34878"}],"curies":[{"name":"wp","href":"https:\/\/api.w.org\/{rel}","templated":true}]}}