{"id":35066,"date":"2022-03-05T18:30:00","date_gmt":"2022-03-05T21:30:00","guid":{"rendered":"https:\/\/www.obispado-mdp.org.ar\/a\/?p=35066"},"modified":"2022-02-25T23:46:36","modified_gmt":"2022-02-26T02:46:36","slug":"evangelio-segun-san-lucas-41-13","status":"publish","type":"post","link":"https:\/\/www.obispado-mdp.org.ar\/a\/evangelio-segun-san-lucas-41-13\/","title":{"rendered":"Evangelio seg\u00fan San Lucas 4,1-13."},"content":{"rendered":"\n<p>Jes\u00fas, lleno del Esp\u00edritu Santo, regres\u00f3 de las orillas del Jord\u00e1n y fue conducido por el Esp\u00edritu al desierto,<br>donde fue tentado por el demonio durante cuarenta d\u00edas. No comi\u00f3 nada durante esos d\u00edas, y al cabo de ellos tuvo hambre.<br>El demonio le dijo entonces: \u00abSi t\u00fa eres Hijo de Dios, manda a esta piedra que se convierta en pan\u00bb.<br>Pero Jes\u00fas le respondi\u00f3: \u00abDice la Escritura: El hombre no vive solamente de pan\u00bb.<br>Luego el demonio lo llev\u00f3 a un lugar m\u00e1s alto, le mostr\u00f3 en un instante todos los reinos de la tierra<br>y le dijo: \u00abTe dar\u00e9 todo este poder y el esplendor de estos reinos, porque me han sido entregados, y yo los doy a quien quiero.<br>Si t\u00fa te postras delante de m\u00ed, todo eso te pertenecer\u00e1\u00bb.<br>Pero Jes\u00fas le respondi\u00f3: \u00abEst\u00e1 escrito: Adorar\u00e1s al Se\u00f1or, tu Dios, y a \u00e9l solo rendir\u00e1s culto\u00bb.<br>Despu\u00e9s el demonio lo condujo a Jerusal\u00e9n, lo puso en la parte m\u00e1s alta del Templo y le dijo: \u00abSi t\u00fa eres Hijo de Dios, t\u00edrate de aqu\u00ed abajo,<br>porque est\u00e1 escrito: El dar\u00e1 \u00f3rdenes a sus \u00e1ngeles para que ellos te cuiden.<br>Y tambi\u00e9n: Ellos te llevar\u00e1n en sus manos para que tu pie no tropiece con ninguna piedra\u00bb.<br>Pero Jes\u00fas le respondi\u00f3: \u00abEst\u00e1 escrito: No tentar\u00e1s al Se\u00f1or, tu Dios\u00bb.<br>Una vez agotadas todas las formas de tentaci\u00f3n, el demonio se alej\u00f3 de \u00e9l, hasta el momento oportuno. <\/p>\n\n\n\n<p class=\"has-text-align-right\"><em>Extra\u00eddo de la Biblia: Libro del Pueblo de Dios. <\/em><\/p>\n","protected":false},"excerpt":{"rendered":"<p>Jes\u00fas, lleno del Esp\u00edritu Santo, regres\u00f3 de las orillas del Jord\u00e1n y fue conducido por el Esp\u00edritu al desierto,donde fue tentado por el demonio durante cuarenta d\u00edas. No comi\u00f3 nada durante esos d\u00edas, y al cabo de ellos tuvo hambre.El demonio le dijo entonces: \u00abSi t\u00fa eres Hijo de Dios, manda a esta piedra que [&hellip;]<\/p>\n","protected":false},"author":3,"featured_media":31456,"comment_status":"open","ping_status":"closed","sticky":false,"template":"","format":"standard","meta":{"_et_pb_use_builder":"off","_et_pb_old_content":"<!-- wp:paragraph -->\n<p> Al atardecer de ese mismo d\u00eda, el primero de la semana, estando cerradas las puertas del lugar donde se encontraban los disc\u00edpulos, por temor a los jud\u00edos, lleg\u00f3 Jes\u00fas y poni\u00e9ndose en medio de ellos, les dijo: \"\u00a1La paz est\u00e9 con ustedes!\".<br>Mientras dec\u00eda esto, les mostr\u00f3 sus manos y su costado. Los disc\u00edpulos se llenaron de alegr\u00eda cuando vieron al Se\u00f1or.<br>Jes\u00fas les dijo de nuevo: \"\u00a1La paz est\u00e9 con ustedes! Como el Padre me envi\u00f3 a m\u00ed, yo tambi\u00e9n los env\u00edo a ustedes\".<br>Al decirles esto, sopl\u00f3 sobre ellos y a\u00f1adi\u00f3: \"Reciban el Esp\u00edritu Santo.<br>Los pecados ser\u00e1n perdonados a los que ustedes se los perdonen, y ser\u00e1n retenidos a los que ustedes se los retengan\". <\/p>\n<!-- \/wp:paragraph -->\n\n<!-- wp:paragraph {\"align\":\"right\"} -->\n<p class=\"has-text-align-right\"><em>Extra\u00eddo de la Biblia: Libro del Pueblo de Dios. <\/em><\/p>\n<!-- \/wp:paragraph -->","_et_gb_content_width":""},"categories":[6],"tags":[],"aioseo_notices":[],"_links":{"self":[{"href":"https:\/\/www.obispado-mdp.org.ar\/a\/wp-json\/wp\/v2\/posts\/35066"}],"collection":[{"href":"https:\/\/www.obispado-mdp.org.ar\/a\/wp-json\/wp\/v2\/posts"}],"about":[{"href":"https:\/\/www.obispado-mdp.org.ar\/a\/wp-json\/wp\/v2\/types\/post"}],"author":[{"embeddable":true,"href":"https:\/\/www.obispado-mdp.org.ar\/a\/wp-json\/wp\/v2\/users\/3"}],"replies":[{"embeddable":true,"href":"https:\/\/www.obispado-mdp.org.ar\/a\/wp-json\/wp\/v2\/comments?post=35066"}],"version-history":[{"count":1,"href":"https:\/\/www.obispado-mdp.org.ar\/a\/wp-json\/wp\/v2\/posts\/35066\/revisions"}],"predecessor-version":[{"id":35067,"href":"https:\/\/www.obispado-mdp.org.ar\/a\/wp-json\/wp\/v2\/posts\/35066\/revisions\/35067"}],"wp:featuredmedia":[{"embeddable":true,"href":"https:\/\/www.obispado-mdp.org.ar\/a\/wp-json\/wp\/v2\/media\/31456"}],"wp:attachment":[{"href":"https:\/\/www.obispado-mdp.org.ar\/a\/wp-json\/wp\/v2\/media?parent=35066"}],"wp:term":[{"taxonomy":"category","embeddable":true,"href":"https:\/\/www.obispado-mdp.org.ar\/a\/wp-json\/wp\/v2\/categories?post=35066"},{"taxonomy":"post_tag","embeddable":true,"href":"https:\/\/www.obispado-mdp.org.ar\/a\/wp-json\/wp\/v2\/tags?post=35066"}],"curies":[{"name":"wp","href":"https:\/\/api.w.org\/{rel}","templated":true}]}}