{"id":35080,"date":"2022-03-12T18:30:00","date_gmt":"2022-03-12T21:30:00","guid":{"rendered":"https:\/\/www.obispado-mdp.org.ar\/a\/?p=35080"},"modified":"2022-02-25T23:55:25","modified_gmt":"2022-02-26T02:55:25","slug":"evangelio-segun-san-lucas-928b-36","status":"publish","type":"post","link":"https:\/\/www.obispado-mdp.org.ar\/a\/evangelio-segun-san-lucas-928b-36\/","title":{"rendered":"Evangelio seg\u00fan San Lucas 9,28b-36."},"content":{"rendered":"\n<p>Unos ocho d\u00edas despu\u00e9s de decir esto, Jes\u00fas tom\u00f3 a Pedro, Juan y Santiago, y subi\u00f3 a la monta\u00f1a para orar.<br>Mientras oraba, su rostro cambi\u00f3 de aspecto y sus vestiduras se volvieron de una blancura deslumbrante.<br>Y dos hombres conversaban con \u00e9l: eran Mois\u00e9s y El\u00edas,<br>que aparec\u00edan revestidos de gloria y hablaban de la partida de Jes\u00fas, que iba a cumplirse en Jerusal\u00e9n.<br>Pedro y sus compa\u00f1eros ten\u00edan mucho sue\u00f1o, pero permanecieron despiertos, y vieron la gloria de Jes\u00fas y a los dos hombres que estaban con \u00e9l.<br>Mientras estos se alejaban, Pedro dijo a Jes\u00fas: \u00abMaestro, \u00a1qu\u00e9 bien estamos aqu\u00ed! Hagamos tres carpas, una para ti, otra para Mois\u00e9s y otra para El\u00edas\u00bb. El no sab\u00eda lo que dec\u00eda.<br>Mientras hablaba, una nube los cubri\u00f3 con su sombra y al entrar en ella, los disc\u00edpulos se llenaron de temor.<br>Desde la nube se oy\u00f3 entonces una voz que dec\u00eda: \u00abEste es mi Hijo, el Elegido, esc\u00fachenlo\u00bb.<br>Y cuando se oy\u00f3 la voz, Jes\u00fas estaba solo. Los disc\u00edpulos callaron y durante todo ese tiempo no dijeron a nadie lo que hab\u00edan visto.  <\/p>\n\n\n\n<p class=\"has-text-align-right\"><em>Extra\u00eddo de la Biblia: Libro del Pueblo de Dios. <\/em><\/p>\n","protected":false},"excerpt":{"rendered":"<p>Unos ocho d\u00edas despu\u00e9s de decir esto, Jes\u00fas tom\u00f3 a Pedro, Juan y Santiago, y subi\u00f3 a la monta\u00f1a para orar.Mientras oraba, su rostro cambi\u00f3 de aspecto y sus vestiduras se volvieron de una blancura deslumbrante.Y dos hombres conversaban con \u00e9l: eran Mois\u00e9s y El\u00edas,que aparec\u00edan revestidos de gloria y hablaban de la partida de [&hellip;]<\/p>\n","protected":false},"author":3,"featured_media":31456,"comment_status":"open","ping_status":"closed","sticky":false,"template":"","format":"standard","meta":{"_et_pb_use_builder":"off","_et_pb_old_content":"<!-- wp:paragraph -->\n<p> Al atardecer de ese mismo d\u00eda, el primero de la semana, estando cerradas las puertas del lugar donde se encontraban los disc\u00edpulos, por temor a los jud\u00edos, lleg\u00f3 Jes\u00fas y poni\u00e9ndose en medio de ellos, les dijo: \"\u00a1La paz est\u00e9 con ustedes!\".<br>Mientras dec\u00eda esto, les mostr\u00f3 sus manos y su costado. Los disc\u00edpulos se llenaron de alegr\u00eda cuando vieron al Se\u00f1or.<br>Jes\u00fas les dijo de nuevo: \"\u00a1La paz est\u00e9 con ustedes! Como el Padre me envi\u00f3 a m\u00ed, yo tambi\u00e9n los env\u00edo a ustedes\".<br>Al decirles esto, sopl\u00f3 sobre ellos y a\u00f1adi\u00f3: \"Reciban el Esp\u00edritu Santo.<br>Los pecados ser\u00e1n perdonados a los que ustedes se los perdonen, y ser\u00e1n retenidos a los que ustedes se los retengan\". <\/p>\n<!-- \/wp:paragraph -->\n\n<!-- wp:paragraph {\"align\":\"right\"} -->\n<p class=\"has-text-align-right\"><em>Extra\u00eddo de la Biblia: Libro del Pueblo de Dios. <\/em><\/p>\n<!-- \/wp:paragraph -->","_et_gb_content_width":""},"categories":[6],"tags":[],"aioseo_notices":[],"_links":{"self":[{"href":"https:\/\/www.obispado-mdp.org.ar\/a\/wp-json\/wp\/v2\/posts\/35080"}],"collection":[{"href":"https:\/\/www.obispado-mdp.org.ar\/a\/wp-json\/wp\/v2\/posts"}],"about":[{"href":"https:\/\/www.obispado-mdp.org.ar\/a\/wp-json\/wp\/v2\/types\/post"}],"author":[{"embeddable":true,"href":"https:\/\/www.obispado-mdp.org.ar\/a\/wp-json\/wp\/v2\/users\/3"}],"replies":[{"embeddable":true,"href":"https:\/\/www.obispado-mdp.org.ar\/a\/wp-json\/wp\/v2\/comments?post=35080"}],"version-history":[{"count":1,"href":"https:\/\/www.obispado-mdp.org.ar\/a\/wp-json\/wp\/v2\/posts\/35080\/revisions"}],"predecessor-version":[{"id":35081,"href":"https:\/\/www.obispado-mdp.org.ar\/a\/wp-json\/wp\/v2\/posts\/35080\/revisions\/35081"}],"wp:featuredmedia":[{"embeddable":true,"href":"https:\/\/www.obispado-mdp.org.ar\/a\/wp-json\/wp\/v2\/media\/31456"}],"wp:attachment":[{"href":"https:\/\/www.obispado-mdp.org.ar\/a\/wp-json\/wp\/v2\/media?parent=35080"}],"wp:term":[{"taxonomy":"category","embeddable":true,"href":"https:\/\/www.obispado-mdp.org.ar\/a\/wp-json\/wp\/v2\/categories?post=35080"},{"taxonomy":"post_tag","embeddable":true,"href":"https:\/\/www.obispado-mdp.org.ar\/a\/wp-json\/wp\/v2\/tags?post=35080"}],"curies":[{"name":"wp","href":"https:\/\/api.w.org\/{rel}","templated":true}]}}