{"id":35306,"date":"2022-04-03T18:30:00","date_gmt":"2022-04-03T21:30:00","guid":{"rendered":"https:\/\/www.obispado-mdp.org.ar\/a\/?p=35306"},"modified":"2022-03-26T08:48:03","modified_gmt":"2022-03-26T11:48:03","slug":"evangelio-segun-san-juan-812-20","status":"publish","type":"post","link":"https:\/\/www.obispado-mdp.org.ar\/a\/evangelio-segun-san-juan-812-20\/","title":{"rendered":"Evangelio seg\u00fan San Juan 8,12-20."},"content":{"rendered":"\n<p>Jes\u00fas les dirigi\u00f3 una vez m\u00e1s la palabra, diciendo: \u00abYo soy la luz del mundo. El que me sigue no andar\u00e1 en tinieblas, sino que tendr\u00e1 la luz de la Vida\u00bb.<br>Los fariseos le dijeron: \u00abT\u00fa das testimonio de ti mismo: tu testimonio no vale\u00bb.<br>Jes\u00fas les respondi\u00f3: \u00abAunque yo doy testimonio de m\u00ed, mi testimonio vale porque s\u00e9 de d\u00f3nde vine y a d\u00f3nde voy; pero ustedes no saben de d\u00f3nde vengo ni a d\u00f3nde voy.<br>Ustedes juzgan seg\u00fan la carne; yo no juzgo a nadie,<br>y si lo hago, mi juicio vale porque no soy yo solo el que juzga, sino yo y el Padre que me envi\u00f3.<br>En la Ley de ustedes est\u00e1 escrito que el testimonio de dos personas es v\u00e1lido.<br>Yo doy testimonio de m\u00ed mismo, y tambi\u00e9n el Padre que me envi\u00f3 da testimonio de m\u00ed\u00bb.<br>Ellos le preguntaron: \u00ab\u00bfD\u00f3nde est\u00e1 tu Padre?\u00bb. Jes\u00fas respondi\u00f3: \u00abUstedes no me conocen ni a m\u00ed ni a mi Padre; si me conocieran a m\u00ed, conocer\u00edan tambi\u00e9n a mi Padre\u00bb.<br>El pronunci\u00f3 estas palabras en la sala del Tesoro, cuando ense\u00f1aba en el Templo. Y nadie lo detuvo, porque a\u00fan no hab\u00eda llegado su hora. <\/p>\n\n\n\n<p class=\"has-text-align-right\"><em>Extra\u00eddo de la Biblia: Libro del Pueblo de Dios. <\/em><\/p>\n","protected":false},"excerpt":{"rendered":"<p>Jes\u00fas les dirigi\u00f3 una vez m\u00e1s la palabra, diciendo: \u00abYo soy la luz del mundo. El que me sigue no andar\u00e1 en tinieblas, sino que tendr\u00e1 la luz de la Vida\u00bb.Los fariseos le dijeron: \u00abT\u00fa das testimonio de ti mismo: tu testimonio no vale\u00bb.Jes\u00fas les respondi\u00f3: \u00abAunque yo doy testimonio de m\u00ed, mi testimonio vale [&hellip;]<\/p>\n","protected":false},"author":3,"featured_media":31451,"comment_status":"open","ping_status":"closed","sticky":false,"template":"","format":"standard","meta":{"_et_pb_use_builder":"off","_et_pb_old_content":"<!-- wp:paragraph -->\n<p> Al atardecer de ese mismo d\u00eda, el primero de la semana, estando cerradas las puertas del lugar donde se encontraban los disc\u00edpulos, por temor a los jud\u00edos, lleg\u00f3 Jes\u00fas y poni\u00e9ndose en medio de ellos, les dijo: \"\u00a1La paz est\u00e9 con ustedes!\".<br>Mientras dec\u00eda esto, les mostr\u00f3 sus manos y su costado. Los disc\u00edpulos se llenaron de alegr\u00eda cuando vieron al Se\u00f1or.<br>Jes\u00fas les dijo de nuevo: \"\u00a1La paz est\u00e9 con ustedes! Como el Padre me envi\u00f3 a m\u00ed, yo tambi\u00e9n los env\u00edo a ustedes\".<br>Al decirles esto, sopl\u00f3 sobre ellos y a\u00f1adi\u00f3: \"Reciban el Esp\u00edritu Santo.<br>Los pecados ser\u00e1n perdonados a los que ustedes se los perdonen, y ser\u00e1n retenidos a los que ustedes se los retengan\". <\/p>\n<!-- \/wp:paragraph -->\n\n<!-- wp:paragraph {\"align\":\"right\"} -->\n<p class=\"has-text-align-right\"><em>Extra\u00eddo de la Biblia: Libro del Pueblo de Dios. <\/em><\/p>\n<!-- \/wp:paragraph -->","_et_gb_content_width":""},"categories":[6],"tags":[],"aioseo_notices":[],"_links":{"self":[{"href":"https:\/\/www.obispado-mdp.org.ar\/a\/wp-json\/wp\/v2\/posts\/35306"}],"collection":[{"href":"https:\/\/www.obispado-mdp.org.ar\/a\/wp-json\/wp\/v2\/posts"}],"about":[{"href":"https:\/\/www.obispado-mdp.org.ar\/a\/wp-json\/wp\/v2\/types\/post"}],"author":[{"embeddable":true,"href":"https:\/\/www.obispado-mdp.org.ar\/a\/wp-json\/wp\/v2\/users\/3"}],"replies":[{"embeddable":true,"href":"https:\/\/www.obispado-mdp.org.ar\/a\/wp-json\/wp\/v2\/comments?post=35306"}],"version-history":[{"count":1,"href":"https:\/\/www.obispado-mdp.org.ar\/a\/wp-json\/wp\/v2\/posts\/35306\/revisions"}],"predecessor-version":[{"id":35307,"href":"https:\/\/www.obispado-mdp.org.ar\/a\/wp-json\/wp\/v2\/posts\/35306\/revisions\/35307"}],"wp:featuredmedia":[{"embeddable":true,"href":"https:\/\/www.obispado-mdp.org.ar\/a\/wp-json\/wp\/v2\/media\/31451"}],"wp:attachment":[{"href":"https:\/\/www.obispado-mdp.org.ar\/a\/wp-json\/wp\/v2\/media?parent=35306"}],"wp:term":[{"taxonomy":"category","embeddable":true,"href":"https:\/\/www.obispado-mdp.org.ar\/a\/wp-json\/wp\/v2\/categories?post=35306"},{"taxonomy":"post_tag","embeddable":true,"href":"https:\/\/www.obispado-mdp.org.ar\/a\/wp-json\/wp\/v2\/tags?post=35306"}],"curies":[{"name":"wp","href":"https:\/\/api.w.org\/{rel}","templated":true}]}}