{"id":35907,"date":"2022-05-09T18:50:00","date_gmt":"2022-05-09T21:50:00","guid":{"rendered":"https:\/\/www.obispado-mdp.org.ar\/a\/?p=35907"},"modified":"2022-05-09T18:50:13","modified_gmt":"2022-05-09T21:50:13","slug":"mi-corazon-ya-esta-en-cafayate-dijo-mons-quintana","status":"publish","type":"post","link":"https:\/\/www.obispado-mdp.org.ar\/a\/mi-corazon-ya-esta-en-cafayate-dijo-mons-quintana\/","title":{"rendered":"MI CORAZON YA ESTA EN CAFAYATE, DIJO MONS. QUINTANA."},"content":{"rendered":"\n<p class=\"has-background has-pale-cyan-blue-background-color\"><strong>Se realiz\u00f3 esta tarde la Santa Misa en acci\u00f3n de gracias y despedida\u00a0del obispo auxiliar Mons. Fray Dar\u00edo Rub\u00e9n Quintana a quien el papa Francisco nombr\u00f3 obispo prelado de Cafayate. Presidio la Eucarist\u00eda Mons. Dar\u00edo y fue acompa\u00f1ado por el padre obispo Gabriel, el\u00a0 Vicario General Pbro. Luis Alb\u00f3niga, todo el clero y la comunidad marplatense.\u00a0 <\/strong><\/p>\n\n\n\n<p>Antes de la celebraci\u00f3n en la Iglesia Catedral, el padre obispo Gabriel dijo: <strong>\u201cEn este d\u00eda de la fiesta de la Virgen de Lujan, \u00a0querido Mons. Dar\u00edo, te brindamos nuestra oraci\u00f3n por la fecundidad de tu magisterio ahora en la prelatura de Cafayate de Salta. En estos dos a\u00f1os y medio diste un profundo testimonio de trabajo en nuestra di\u00f3cesis y toda la comunidad te acompa\u00f1a en la misi\u00f3n apost\u00f3lica que te encarg\u00f3 el Santo Padre Francisco\u201d.<\/strong><\/p>\n\n\n\n<p>En su homil\u00eda, Mons. Dar\u00edo dijo: \u201cEsta\nes una Eucarist\u00eda no de despedida, sino de acci\u00f3n de gracias al Se\u00f1or. Agradezco\na todos, las autoridades, a las distintas comunidades donde tuve oportunidad de\nparticipar, a mis amigos de toda la vida y todos lo que est\u00e1n presentes en esta\ncelebraci\u00f3n. Mi coraz\u00f3n reboza de agradecimiento por haberlos conocido. Mar del\nPlata no es una ciudad como cualquier otra, sino una extensa di\u00f3cesis bendecida\npor el mar, la monta\u00f1a y un gran abanico de realidades desafiantes. Siempre fui\nun obispo auxiliar acompa\u00f1ando al padre obispo Gabriel que es la autoridad.\nGracias a todos, especialmente a los laicos que me han ayudado a trabajar en\neste camino de santidad. Gracias al clero de la di\u00f3cesis, a los seminaristas y\nreligiosas, agradezco su trato c\u00e1lido y cordial. Gracias al obispo diocesano,\ngracias a su unci\u00f3n somos hermanos en el episcopado. Le agradezco a Gabriel su\namistad sincera&nbsp; y su acompa\u00f1amiento en\nestos primeros pasos como obispo. Gracias al Santo Padre por su elecci\u00f3n y\nconfianza al designarme en la prelatura de Cafayate, <strong>mi coraz\u00f3n ya est\u00e1 all\u00ed, en el valle salte\u00f1o, pero el coraz\u00f3n de un sacerdote\ntiene lugar para muchos misterios y lugares.<\/strong> Gracias Se\u00f1or por la vida, en\n\u00c9l he puesto mi esperanza y no quedare defraudado. Amen\u201d finaliz\u00f3 Mons Dar\u00edo Rub\u00e9n\nQuintana su homil\u00eda.<\/p>\n\n\n\n<p>En nombre de la Di\u00f3cesis, Ana Sales, ley\u00f3 un mensaje para Mons Dar\u00edo, donde expres\u00f3<strong> \u201cla di\u00f3cesis da Gracias a Dios por tu paso por nuestras vidas y nuestros corazones quedan unidos en las oraciones junto\u00a0 los hermanos de Cafayate\u201d. <\/strong><\/p>\n\n\n\n<p>A continuaci\u00f3n, el Pbro Juan Cruz Menilli, en nombre de los sacerdotes dijo <strong>\u201cdisfrutamos siempre tu palabra con sabor a evangelio, tu buen trato especialmente con los j\u00f3venes, rezamos ahora y siempre para que puedas decir que s\u00ed a los pedidos de Se\u00f1or\u201d.<\/strong><\/p>\n\n\n\n<p>Finalmente, el padre obispo Gabriel Mestre hizo una bendici\u00f3n especial para Mons. Dar\u00edo <strong>\u201cpara este nuevo servicio que comenzar\u00e1 a imagen tuya como buen pastor en el pueblo de Cafayate. Se\u00f1or reconforta en el ciento por uno, todo el bien que Dar\u00edo hizo en medio de nuestra comunidad\u201d.<\/strong><\/p>\n\n\n\n<p>Mons. Dar\u00edo tomar\u00e1 posesi\u00f3n del gobierno pastoral de esta jurisdicci\u00f3n eclesi\u00e1stica el s\u00e1bado 11 de junio pr\u00f3ximo, v\u00edspera de la solemnidad de la Sant\u00edsima Trinidad. <\/p>\n\n\n\n<figure class=\"wp-container-2 wp-block-gallery-1 wp-block-gallery columns-3 is-cropped\"><ul class=\"blocks-gallery-grid\"><li class=\"blocks-gallery-item\"><figure><img loading=\"lazy\" width=\"1024\" height=\"569\" src=\"https:\/\/www.obispado-mdp.org.ar\/a\/wp-content\/uploads\/2022\/05\/1-1024x569.png\" alt=\"\" data-id=\"35908\" data-full-url=\"https:\/\/www.obispado-mdp.org.ar\/a\/wp-content\/uploads\/2022\/05\/1.png\" data-link=\"https:\/\/www.obispado-mdp.org.ar\/a\/?attachment_id=35908\" class=\"wp-image-35908\"\/><\/figure><\/li><li class=\"blocks-gallery-item\"><figure><img loading=\"lazy\" width=\"1024\" height=\"594\" src=\"https:\/\/www.obispado-mdp.org.ar\/a\/wp-content\/uploads\/2022\/05\/2-1024x594.png\" alt=\"\" data-id=\"35909\" data-full-url=\"https:\/\/www.obispado-mdp.org.ar\/a\/wp-content\/uploads\/2022\/05\/2.png\" data-link=\"https:\/\/www.obispado-mdp.org.ar\/a\/?attachment_id=35909\" class=\"wp-image-35909\"\/><\/figure><\/li><li class=\"blocks-gallery-item\"><figure><img loading=\"lazy\" width=\"1024\" height=\"615\" src=\"https:\/\/www.obispado-mdp.org.ar\/a\/wp-content\/uploads\/2022\/05\/4-1024x615.png\" alt=\"\" data-id=\"35911\" data-full-url=\"https:\/\/www.obispado-mdp.org.ar\/a\/wp-content\/uploads\/2022\/05\/4.png\" data-link=\"https:\/\/www.obispado-mdp.org.ar\/a\/?attachment_id=35911\" class=\"wp-image-35911\"\/><\/figure><\/li><li class=\"blocks-gallery-item\"><figure><img loading=\"lazy\" width=\"671\" height=\"483\" src=\"https:\/\/www.obispado-mdp.org.ar\/a\/wp-content\/uploads\/2022\/05\/5.png\" alt=\"\" data-id=\"35912\" data-full-url=\"https:\/\/www.obispado-mdp.org.ar\/a\/wp-content\/uploads\/2022\/05\/5.png\" data-link=\"https:\/\/www.obispado-mdp.org.ar\/a\/?attachment_id=35912\" class=\"wp-image-35912\"\/><\/figure><\/li><li class=\"blocks-gallery-item\"><figure><img loading=\"lazy\" width=\"868\" height=\"595\" src=\"https:\/\/www.obispado-mdp.org.ar\/a\/wp-content\/uploads\/2022\/05\/6.png\" alt=\"\" data-id=\"35913\" data-full-url=\"https:\/\/www.obispado-mdp.org.ar\/a\/wp-content\/uploads\/2022\/05\/6.png\" data-link=\"https:\/\/www.obispado-mdp.org.ar\/a\/?attachment_id=35913\" class=\"wp-image-35913\"\/><\/figure><\/li><\/ul><\/figure>\n","protected":false},"excerpt":{"rendered":"<p>Se realiz\u00f3 esta tarde la Santa Misa en acci\u00f3n de gracias y despedida\u00a0del obispo auxiliar Mons. Fray Dar\u00edo Rub\u00e9n Quintana a quien el papa Francisco nombr\u00f3 obispo prelado de Cafayate. Presidio la Eucarist\u00eda Mons. Dar\u00edo y fue acompa\u00f1ado por el padre obispo Gabriel, el\u00a0 Vicario General Pbro. Luis Alb\u00f3niga, todo el clero y la comunidad [&hellip;]<\/p>\n","protected":false},"author":4,"featured_media":35910,"comment_status":"open","ping_status":"open","sticky":false,"template":"","format":"standard","meta":{"_et_pb_use_builder":"off","_et_pb_old_content":"","_et_gb_content_width":""},"categories":[4],"tags":[],"aioseo_notices":[],"_links":{"self":[{"href":"https:\/\/www.obispado-mdp.org.ar\/a\/wp-json\/wp\/v2\/posts\/35907"}],"collection":[{"href":"https:\/\/www.obispado-mdp.org.ar\/a\/wp-json\/wp\/v2\/posts"}],"about":[{"href":"https:\/\/www.obispado-mdp.org.ar\/a\/wp-json\/wp\/v2\/types\/post"}],"author":[{"embeddable":true,"href":"https:\/\/www.obispado-mdp.org.ar\/a\/wp-json\/wp\/v2\/users\/4"}],"replies":[{"embeddable":true,"href":"https:\/\/www.obispado-mdp.org.ar\/a\/wp-json\/wp\/v2\/comments?post=35907"}],"version-history":[{"count":2,"href":"https:\/\/www.obispado-mdp.org.ar\/a\/wp-json\/wp\/v2\/posts\/35907\/revisions"}],"predecessor-version":[{"id":37378,"href":"https:\/\/www.obispado-mdp.org.ar\/a\/wp-json\/wp\/v2\/posts\/35907\/revisions\/37378"}],"wp:featuredmedia":[{"embeddable":true,"href":"https:\/\/www.obispado-mdp.org.ar\/a\/wp-json\/wp\/v2\/media\/35910"}],"wp:attachment":[{"href":"https:\/\/www.obispado-mdp.org.ar\/a\/wp-json\/wp\/v2\/media?parent=35907"}],"wp:term":[{"taxonomy":"category","embeddable":true,"href":"https:\/\/www.obispado-mdp.org.ar\/a\/wp-json\/wp\/v2\/categories?post=35907"},{"taxonomy":"post_tag","embeddable":true,"href":"https:\/\/www.obispado-mdp.org.ar\/a\/wp-json\/wp\/v2\/tags?post=35907"}],"curies":[{"name":"wp","href":"https:\/\/api.w.org\/{rel}","templated":true}]}}