{"id":37274,"date":"2022-09-08T18:30:00","date_gmt":"2022-09-08T21:30:00","guid":{"rendered":"https:\/\/www.obispado-mdp.org.ar\/a\/?p=37274"},"modified":"2022-08-25T08:19:57","modified_gmt":"2022-08-25T11:19:57","slug":"evangelio-segun-san-lucas-639-42-3","status":"publish","type":"post","link":"https:\/\/www.obispado-mdp.org.ar\/a\/evangelio-segun-san-lucas-639-42-3\/","title":{"rendered":"Evangelio seg\u00fan San\u00a0Lucas\u00a06,39-42."},"content":{"rendered":"\n<p>Jes\u00fas hizo a sus disc\u00edpulos esta comparaci\u00f3n: \u00ab\u00bfPuede un ciego guiar a otro ciego? \u00bfNo caer\u00e1n los dos en un pozo?<br>El disc\u00edpulo no es superior al maestro; cuando el disc\u00edpulo llegue a ser perfecto, ser\u00e1 como su maestro.<br>\u00bfPor qu\u00e9 miras la paja que hay en el ojo de tu hermano y no ves la viga que est\u00e1 en el tuyo?<br>\u00bfC\u00f3mo puedes decir a tu hermano: &#8216;Hermano, deja que te saque la paja de tu ojo&#8217;, t\u00fa, que no ves la viga que tienes en el tuyo? \u00a1Hip\u00f3crita!, saca primero la viga de tu ojo, y entonces ver\u00e1s claro para sacar la paja del ojo de tu hermano.\u00bb<\/p>\n\n\n\n<p class=\"has-text-align-right\"><em>Extra\u00eddo de la Biblia: Libro del Pueblo de Dios. <\/em><\/p>\n","protected":false},"excerpt":{"rendered":"<p>Jes\u00fas hizo a sus disc\u00edpulos esta comparaci\u00f3n: \u00ab\u00bfPuede un ciego guiar a otro ciego? \u00bfNo caer\u00e1n los dos en un pozo?El disc\u00edpulo no es superior al maestro; cuando el disc\u00edpulo llegue a ser perfecto, ser\u00e1 como su maestro.\u00bfPor qu\u00e9 miras la paja que hay en el ojo de tu hermano y no ves la viga [&hellip;]<\/p>\n","protected":false},"author":3,"featured_media":31455,"comment_status":"open","ping_status":"closed","sticky":false,"template":"","format":"standard","meta":{"_et_pb_use_builder":"off","_et_pb_old_content":"<!-- wp:paragraph -->\n<p> Al atardecer de ese mismo d\u00eda, el primero de la semana, estando cerradas las puertas del lugar donde se encontraban los disc\u00edpulos, por temor a los jud\u00edos, lleg\u00f3 Jes\u00fas y poni\u00e9ndose en medio de ellos, les dijo: \"\u00a1La paz est\u00e9 con ustedes!\".<br>Mientras dec\u00eda esto, les mostr\u00f3 sus manos y su costado. Los disc\u00edpulos se llenaron de alegr\u00eda cuando vieron al Se\u00f1or.<br>Jes\u00fas les dijo de nuevo: \"\u00a1La paz est\u00e9 con ustedes! Como el Padre me envi\u00f3 a m\u00ed, yo tambi\u00e9n los env\u00edo a ustedes\".<br>Al decirles esto, sopl\u00f3 sobre ellos y a\u00f1adi\u00f3: \"Reciban el Esp\u00edritu Santo.<br>Los pecados ser\u00e1n perdonados a los que ustedes se los perdonen, y ser\u00e1n retenidos a los que ustedes se los retengan\". <\/p>\n<!-- \/wp:paragraph -->\n\n<!-- wp:paragraph {\"align\":\"right\"} -->\n<p class=\"has-text-align-right\"><em>Extra\u00eddo de la Biblia: Libro del Pueblo de Dios. <\/em><\/p>\n<!-- \/wp:paragraph -->","_et_gb_content_width":""},"categories":[6],"tags":[],"aioseo_notices":[],"_links":{"self":[{"href":"https:\/\/www.obispado-mdp.org.ar\/a\/wp-json\/wp\/v2\/posts\/37274"}],"collection":[{"href":"https:\/\/www.obispado-mdp.org.ar\/a\/wp-json\/wp\/v2\/posts"}],"about":[{"href":"https:\/\/www.obispado-mdp.org.ar\/a\/wp-json\/wp\/v2\/types\/post"}],"author":[{"embeddable":true,"href":"https:\/\/www.obispado-mdp.org.ar\/a\/wp-json\/wp\/v2\/users\/3"}],"replies":[{"embeddable":true,"href":"https:\/\/www.obispado-mdp.org.ar\/a\/wp-json\/wp\/v2\/comments?post=37274"}],"version-history":[{"count":1,"href":"https:\/\/www.obispado-mdp.org.ar\/a\/wp-json\/wp\/v2\/posts\/37274\/revisions"}],"predecessor-version":[{"id":37275,"href":"https:\/\/www.obispado-mdp.org.ar\/a\/wp-json\/wp\/v2\/posts\/37274\/revisions\/37275"}],"wp:featuredmedia":[{"embeddable":true,"href":"https:\/\/www.obispado-mdp.org.ar\/a\/wp-json\/wp\/v2\/media\/31455"}],"wp:attachment":[{"href":"https:\/\/www.obispado-mdp.org.ar\/a\/wp-json\/wp\/v2\/media?parent=37274"}],"wp:term":[{"taxonomy":"category","embeddable":true,"href":"https:\/\/www.obispado-mdp.org.ar\/a\/wp-json\/wp\/v2\/categories?post=37274"},{"taxonomy":"post_tag","embeddable":true,"href":"https:\/\/www.obispado-mdp.org.ar\/a\/wp-json\/wp\/v2\/tags?post=37274"}],"curies":[{"name":"wp","href":"https:\/\/api.w.org\/{rel}","templated":true}]}}