{"id":37309,"date":"2022-09-22T18:30:00","date_gmt":"2022-09-22T21:30:00","guid":{"rendered":"https:\/\/www.obispado-mdp.org.ar\/a\/?p=37309"},"modified":"2022-08-25T08:40:52","modified_gmt":"2022-08-25T11:40:52","slug":"evangelio-segun-san-lucas-918-22-2","status":"publish","type":"post","link":"https:\/\/www.obispado-mdp.org.ar\/a\/evangelio-segun-san-lucas-918-22-2\/","title":{"rendered":"Evangelio seg\u00fan San\u00a0Lucas\u00a09,18-22."},"content":{"rendered":"\n<p>Un d\u00eda en que Jes\u00fas oraba a solas y sus disc\u00edpulos estaban con \u00e9l, les pregunt\u00f3: \u00ab\u00bfQui\u00e9n dice la gente que soy yo?\u00bb.<br>Ellos le respondieron: \u00abUnos dicen que eres Juan el Bautista; otros, El\u00edas; y otros, alguno de los antiguos profetas que ha resucitado\u00bb.<br>\u00abPero ustedes, les pregunt\u00f3, \u00bfqui\u00e9n dicen que soy yo?\u00bb. Pedro, tomando la palabra, respondi\u00f3: \u00abT\u00fa eres el Mes\u00edas de Dios\u00bb.<br>Y \u00e9l les orden\u00f3 terminantemente que no lo dijeran a nadie.<br>\u00abEl Hijo del hombre, les dijo, debe sufrir mucho, ser rechazado por los ancianos, los sumos sacerdotes y los escribas, ser condenado a muerte y resucitar al tercer d\u00eda\u00bb.<\/p>\n\n\n\n<p class=\"has-text-align-right\"><em>Extra\u00eddo de la Biblia: Libro del Pueblo de Dios. <\/em><\/p>\n","protected":false},"excerpt":{"rendered":"<p>Un d\u00eda en que Jes\u00fas oraba a solas y sus disc\u00edpulos estaban con \u00e9l, les pregunt\u00f3: \u00ab\u00bfQui\u00e9n dice la gente que soy yo?\u00bb.Ellos le respondieron: \u00abUnos dicen que eres Juan el Bautista; otros, El\u00edas; y otros, alguno de los antiguos profetas que ha resucitado\u00bb.\u00abPero ustedes, les pregunt\u00f3, \u00bfqui\u00e9n dicen que soy yo?\u00bb. Pedro, tomando la [&hellip;]<\/p>\n","protected":false},"author":3,"featured_media":31455,"comment_status":"open","ping_status":"closed","sticky":false,"template":"","format":"standard","meta":{"_et_pb_use_builder":"off","_et_pb_old_content":"<!-- wp:paragraph -->\n<p> Al atardecer de ese mismo d\u00eda, el primero de la semana, estando cerradas las puertas del lugar donde se encontraban los disc\u00edpulos, por temor a los jud\u00edos, lleg\u00f3 Jes\u00fas y poni\u00e9ndose en medio de ellos, les dijo: \"\u00a1La paz est\u00e9 con ustedes!\".<br>Mientras dec\u00eda esto, les mostr\u00f3 sus manos y su costado. Los disc\u00edpulos se llenaron de alegr\u00eda cuando vieron al Se\u00f1or.<br>Jes\u00fas les dijo de nuevo: \"\u00a1La paz est\u00e9 con ustedes! Como el Padre me envi\u00f3 a m\u00ed, yo tambi\u00e9n los env\u00edo a ustedes\".<br>Al decirles esto, sopl\u00f3 sobre ellos y a\u00f1adi\u00f3: \"Reciban el Esp\u00edritu Santo.<br>Los pecados ser\u00e1n perdonados a los que ustedes se los perdonen, y ser\u00e1n retenidos a los que ustedes se los retengan\". <\/p>\n<!-- \/wp:paragraph -->\n\n<!-- wp:paragraph {\"align\":\"right\"} -->\n<p class=\"has-text-align-right\"><em>Extra\u00eddo de la Biblia: Libro del Pueblo de Dios. <\/em><\/p>\n<!-- \/wp:paragraph -->","_et_gb_content_width":""},"categories":[6],"tags":[],"aioseo_notices":[],"_links":{"self":[{"href":"https:\/\/www.obispado-mdp.org.ar\/a\/wp-json\/wp\/v2\/posts\/37309"}],"collection":[{"href":"https:\/\/www.obispado-mdp.org.ar\/a\/wp-json\/wp\/v2\/posts"}],"about":[{"href":"https:\/\/www.obispado-mdp.org.ar\/a\/wp-json\/wp\/v2\/types\/post"}],"author":[{"embeddable":true,"href":"https:\/\/www.obispado-mdp.org.ar\/a\/wp-json\/wp\/v2\/users\/3"}],"replies":[{"embeddable":true,"href":"https:\/\/www.obispado-mdp.org.ar\/a\/wp-json\/wp\/v2\/comments?post=37309"}],"version-history":[{"count":1,"href":"https:\/\/www.obispado-mdp.org.ar\/a\/wp-json\/wp\/v2\/posts\/37309\/revisions"}],"predecessor-version":[{"id":37310,"href":"https:\/\/www.obispado-mdp.org.ar\/a\/wp-json\/wp\/v2\/posts\/37309\/revisions\/37310"}],"wp:featuredmedia":[{"embeddable":true,"href":"https:\/\/www.obispado-mdp.org.ar\/a\/wp-json\/wp\/v2\/media\/31455"}],"wp:attachment":[{"href":"https:\/\/www.obispado-mdp.org.ar\/a\/wp-json\/wp\/v2\/media?parent=37309"}],"wp:term":[{"taxonomy":"category","embeddable":true,"href":"https:\/\/www.obispado-mdp.org.ar\/a\/wp-json\/wp\/v2\/categories?post=37309"},{"taxonomy":"post_tag","embeddable":true,"href":"https:\/\/www.obispado-mdp.org.ar\/a\/wp-json\/wp\/v2\/tags?post=37309"}],"curies":[{"name":"wp","href":"https:\/\/api.w.org\/{rel}","templated":true}]}}