{"id":37499,"date":"2022-09-13T17:27:23","date_gmt":"2022-09-13T20:27:23","guid":{"rendered":"https:\/\/www.obispado-mdp.org.ar\/a\/?p=37499"},"modified":"2022-09-13T17:28:46","modified_gmt":"2022-09-13T20:28:46","slug":"encuentro-deportivo-y-cultural","status":"publish","type":"post","link":"https:\/\/www.obispado-mdp.org.ar\/a\/encuentro-deportivo-y-cultural\/","title":{"rendered":"COLEGIOS CAT\u00d3LICOS: ENCUENTRO DEPORTIVO Y CULTURAL."},"content":{"rendered":"\n<p class=\"has-pale-cyan-blue-background-color has-background\">     <strong>Organizado por la Junta Regional de Educaci\u00f3n Cat\u00f3lica de la di\u00f3cesis de Mar del Plata (JuREC), comenz\u00f3 este martes la XVI edici\u00f3n del Encuentro Deportivo y Cultural de Colegios Cat\u00f3licos. <\/strong><\/p>\n\n\n\n<p>Hasta fin de septiembre habr\u00e1 actividades deportivas y culturales en distintos escenarios de la zona, donde los protagonistas ser\u00e1n los alumnos de las escuelas cat\u00f3licas de toda la di\u00f3cesis. Los colegios suman puntos por los logros en la participaci\u00f3n de las diversas disciplinas y se pueden llevar la Copa Juan Pablo II.<\/p>\n\n\n\n<p>El profesor Jorge Moisano es el Coordinador del Encuentro Deportivo y cont\u00f3 que \u201cya desarroll\u00f3 la primera jornada de atletismo, que en este caso fue para las categor\u00edas cadetes y juveniles, y todo se desarroll\u00f3 con gran alegr\u00eda, porque significa por un lado el inicio del Encuentro de este a\u00f1o, pero por sobre todas las cosas, volver a vernos en este marco, ya que la \u00faltima vez fue en 2019 y luego lo debimos suspender por la pandemia\u201d.<\/p>\n\n\n\n<p>\u201cComo venimos haciendo a lo largo de los a\u00f1os, siempre estamos dando la posibilidad a todos los alumnos de participar en las disciplinas que mas le gusten e interesen. Por eso el cronograma de actividades se desarrolla a lo largo de dos semanas, y tendremos en la segunda jornada las competencias de coreograf\u00edas, artes visuales y ajedrez\u201d explic\u00f3 el coordinador del Encuentro.<\/p>\n\n\n\n<p>Seguidamente repas\u00f3 que \u201cdesde el 19 de septiembre se desarrollan los deportes que tienen el grueso de los deportes en f\u00fatbol, voley, handball, entre otros. Hacia el final del mes ser\u00e1 el turno de m\u00fasica y teatro\u201d.<\/p>\n\n\n\n<p>Por \u00faltimo el profesor Moisano celebr\u00f3 que \u201chay mucha expectativa entre alumnos y docentes ya que el Encuentro no se pudo realizar por la pandemia y estamos muy entusiasmados, como en el \u00faltimo Encuentro de 2019, con mucha alegr\u00eda y emoci\u00f3n\u201d.<\/p>\n\n\n\n<figure class=\"wp-container-2 wp-block-gallery-1 wp-block-gallery has-nested-images columns-default is-cropped\">\n<figure class=\"wp-block-image size-large\"><img loading=\"lazy\" width=\"1024\" height=\"484\" data-id=\"37500\"  src=\"https:\/\/www.obispado-mdp.org.ar\/a\/wp-content\/uploads\/2022\/09\/301853474_481912747278453_918080957380704285_n-1024x484.jpg\" alt=\"\" class=\"wp-image-37500\"\/><\/figure>\n\n\n\n<figure class=\"wp-block-image size-large\"><img loading=\"lazy\" width=\"1024\" height=\"768\" data-id=\"37503\"  src=\"https:\/\/www.obispado-mdp.org.ar\/a\/wp-content\/uploads\/2022\/09\/305217427_481912653945129_7937932542120921468_n-1024x768.jpg\" alt=\"\" class=\"wp-image-37503\"\/><\/figure>\n\n\n\n<figure class=\"wp-block-image size-large\"><img loading=\"lazy\" width=\"1024\" height=\"576\" data-id=\"37502\"  src=\"https:\/\/www.obispado-mdp.org.ar\/a\/wp-content\/uploads\/2022\/09\/306008407_481912623945132_1318994285255072745_n-1024x576.jpg\" alt=\"\" class=\"wp-image-37502\"\/><\/figure>\n\n\n\n<figure class=\"wp-block-image size-large\"><img loading=\"lazy\" width=\"1024\" height=\"485\" data-id=\"37501\"  src=\"https:\/\/www.obispado-mdp.org.ar\/a\/wp-content\/uploads\/2022\/09\/306753908_481912800611781_8734296764479444312_n-1024x485.jpg\" alt=\"\" class=\"wp-image-37501\"\/><\/figure>\n\n\n\n<figure class=\"wp-block-image size-large\"><img loading=\"lazy\" width=\"1024\" height=\"768\" data-id=\"37504\"  src=\"https:\/\/www.obispado-mdp.org.ar\/a\/wp-content\/uploads\/2022\/09\/c2ff1335-2c2f-4923-be0e-1a677fe0a90c-1024x768.jpg\" alt=\"\" class=\"wp-image-37504\"\/><\/figure>\n<\/figure>\n","protected":false},"excerpt":{"rendered":"<p>Organizado por la Junta Regional de Educaci\u00f3n Cat\u00f3lica de la di\u00f3cesis de Mar del Plata (JuREC), comenz\u00f3 este martes la XVI edici\u00f3n del Encuentro Deportivo y Cultural de Colegios Cat\u00f3licos. Hasta fin de septiembre habr\u00e1 actividades deportivas y culturales en distintos escenarios de la zona, donde los protagonistas ser\u00e1n los alumnos de las escuelas cat\u00f3licas [&hellip;]<\/p>\n","protected":false},"author":4,"featured_media":37505,"comment_status":"open","ping_status":"open","sticky":false,"template":"","format":"standard","meta":{"_et_pb_use_builder":"","_et_pb_old_content":"","_et_gb_content_width":""},"categories":[7],"tags":[],"aioseo_notices":[],"_links":{"self":[{"href":"https:\/\/www.obispado-mdp.org.ar\/a\/wp-json\/wp\/v2\/posts\/37499"}],"collection":[{"href":"https:\/\/www.obispado-mdp.org.ar\/a\/wp-json\/wp\/v2\/posts"}],"about":[{"href":"https:\/\/www.obispado-mdp.org.ar\/a\/wp-json\/wp\/v2\/types\/post"}],"author":[{"embeddable":true,"href":"https:\/\/www.obispado-mdp.org.ar\/a\/wp-json\/wp\/v2\/users\/4"}],"replies":[{"embeddable":true,"href":"https:\/\/www.obispado-mdp.org.ar\/a\/wp-json\/wp\/v2\/comments?post=37499"}],"version-history":[{"count":2,"href":"https:\/\/www.obispado-mdp.org.ar\/a\/wp-json\/wp\/v2\/posts\/37499\/revisions"}],"predecessor-version":[{"id":37507,"href":"https:\/\/www.obispado-mdp.org.ar\/a\/wp-json\/wp\/v2\/posts\/37499\/revisions\/37507"}],"wp:featuredmedia":[{"embeddable":true,"href":"https:\/\/www.obispado-mdp.org.ar\/a\/wp-json\/wp\/v2\/media\/37505"}],"wp:attachment":[{"href":"https:\/\/www.obispado-mdp.org.ar\/a\/wp-json\/wp\/v2\/media?parent=37499"}],"wp:term":[{"taxonomy":"category","embeddable":true,"href":"https:\/\/www.obispado-mdp.org.ar\/a\/wp-json\/wp\/v2\/categories?post=37499"},{"taxonomy":"post_tag","embeddable":true,"href":"https:\/\/www.obispado-mdp.org.ar\/a\/wp-json\/wp\/v2\/tags?post=37499"}],"curies":[{"name":"wp","href":"https:\/\/api.w.org\/{rel}","templated":true}]}}