{"id":37587,"date":"2022-10-04T18:30:00","date_gmt":"2022-10-04T21:30:00","guid":{"rendered":"https:\/\/www.obispado-mdp.org.ar\/a\/?p=37587"},"modified":"2022-09-22T08:42:36","modified_gmt":"2022-09-22T11:42:36","slug":"evangelio-segun-san-lucas-111-4-2","status":"publish","type":"post","link":"https:\/\/www.obispado-mdp.org.ar\/a\/evangelio-segun-san-lucas-111-4-2\/","title":{"rendered":"Evangelio seg\u00fan San\u00a0\u00a0Lucas\u00a011,1-4."},"content":{"rendered":"\n<p>Un d\u00eda, Jes\u00fas estaba orando en cierto lugar, y cuando termin\u00f3, uno de sus disc\u00edpulos le dijo: \u00abSe\u00f1or, ens\u00e9\u00f1anos a orar, as\u00ed como Juan ense\u00f1\u00f3 a sus disc\u00edpulos\u00bb.<br>El les dijo entonces: \u00abCuando oren, digan: Padre, santificado sea tu Nombre, que venga tu Reino;<br>danos cada d\u00eda nuestro pan cotidiano;<br>perdona nuestros pecados, porque tambi\u00e9n nosotros perdonamos a aquellos que nos ofenden; y no nos dejes caer en la tentaci\u00f3n\u00bb.<\/p>\n\n\n\n<p class=\"has-text-align-right\"><em>Extra\u00eddo de la Biblia: Libro del Pueblo de Dios. <\/em><\/p>\n","protected":false},"excerpt":{"rendered":"<p>Un d\u00eda, Jes\u00fas estaba orando en cierto lugar, y cuando termin\u00f3, uno de sus disc\u00edpulos le dijo: \u00abSe\u00f1or, ens\u00e9\u00f1anos a orar, as\u00ed como Juan ense\u00f1\u00f3 a sus disc\u00edpulos\u00bb.El les dijo entonces: \u00abCuando oren, digan: Padre, santificado sea tu Nombre, que venga tu Reino;danos cada d\u00eda nuestro pan cotidiano;perdona nuestros pecados, porque tambi\u00e9n nosotros perdonamos a [&hellip;]<\/p>\n","protected":false},"author":3,"featured_media":31453,"comment_status":"open","ping_status":"closed","sticky":false,"template":"","format":"standard","meta":{"_et_pb_use_builder":"off","_et_pb_old_content":"<!-- wp:paragraph -->\n<p> Al atardecer de ese mismo d\u00eda, el primero de la semana, estando cerradas las puertas del lugar donde se encontraban los disc\u00edpulos, por temor a los jud\u00edos, lleg\u00f3 Jes\u00fas y poni\u00e9ndose en medio de ellos, les dijo: \"\u00a1La paz est\u00e9 con ustedes!\".<br>Mientras dec\u00eda esto, les mostr\u00f3 sus manos y su costado. Los disc\u00edpulos se llenaron de alegr\u00eda cuando vieron al Se\u00f1or.<br>Jes\u00fas les dijo de nuevo: \"\u00a1La paz est\u00e9 con ustedes! Como el Padre me envi\u00f3 a m\u00ed, yo tambi\u00e9n los env\u00edo a ustedes\".<br>Al decirles esto, sopl\u00f3 sobre ellos y a\u00f1adi\u00f3: \"Reciban el Esp\u00edritu Santo.<br>Los pecados ser\u00e1n perdonados a los que ustedes se los perdonen, y ser\u00e1n retenidos a los que ustedes se los retengan\". <\/p>\n<!-- \/wp:paragraph -->\n\n<!-- wp:paragraph {\"align\":\"right\"} -->\n<p class=\"has-text-align-right\"><em>Extra\u00eddo de la Biblia: Libro del Pueblo de Dios. <\/em><\/p>\n<!-- \/wp:paragraph -->","_et_gb_content_width":""},"categories":[6],"tags":[],"aioseo_notices":[],"_links":{"self":[{"href":"https:\/\/www.obispado-mdp.org.ar\/a\/wp-json\/wp\/v2\/posts\/37587"}],"collection":[{"href":"https:\/\/www.obispado-mdp.org.ar\/a\/wp-json\/wp\/v2\/posts"}],"about":[{"href":"https:\/\/www.obispado-mdp.org.ar\/a\/wp-json\/wp\/v2\/types\/post"}],"author":[{"embeddable":true,"href":"https:\/\/www.obispado-mdp.org.ar\/a\/wp-json\/wp\/v2\/users\/3"}],"replies":[{"embeddable":true,"href":"https:\/\/www.obispado-mdp.org.ar\/a\/wp-json\/wp\/v2\/comments?post=37587"}],"version-history":[{"count":1,"href":"https:\/\/www.obispado-mdp.org.ar\/a\/wp-json\/wp\/v2\/posts\/37587\/revisions"}],"predecessor-version":[{"id":37588,"href":"https:\/\/www.obispado-mdp.org.ar\/a\/wp-json\/wp\/v2\/posts\/37587\/revisions\/37588"}],"wp:featuredmedia":[{"embeddable":true,"href":"https:\/\/www.obispado-mdp.org.ar\/a\/wp-json\/wp\/v2\/media\/31453"}],"wp:attachment":[{"href":"https:\/\/www.obispado-mdp.org.ar\/a\/wp-json\/wp\/v2\/media?parent=37587"}],"wp:term":[{"taxonomy":"category","embeddable":true,"href":"https:\/\/www.obispado-mdp.org.ar\/a\/wp-json\/wp\/v2\/categories?post=37587"},{"taxonomy":"post_tag","embeddable":true,"href":"https:\/\/www.obispado-mdp.org.ar\/a\/wp-json\/wp\/v2\/tags?post=37587"}],"curies":[{"name":"wp","href":"https:\/\/api.w.org\/{rel}","templated":true}]}}