{"id":37601,"date":"2022-10-11T18:30:00","date_gmt":"2022-10-11T21:30:00","guid":{"rendered":"https:\/\/www.obispado-mdp.org.ar\/a\/?p=37601"},"modified":"2022-09-22T09:13:19","modified_gmt":"2022-09-22T12:13:19","slug":"evangelio-segun-san-lucas-1142-46-2","status":"publish","type":"post","link":"https:\/\/www.obispado-mdp.org.ar\/a\/evangelio-segun-san-lucas-1142-46-2\/","title":{"rendered":"Evangelio seg\u00fan San\u00a0\u00a0Lucas\u00a011,42-46."},"content":{"rendered":"\n<p>\u00ab\u00a1Ay de ustedes, fariseos, que pagan el impuesto de la menta, de la ruda y de todas las legumbres, y descuidan la justicia y el amor de Dios! Hay que practicar esto, sin descuidar aquello.<br>\u00a1Ay de ustedes, fariseos, porque les gusta ocupar el primer asiento en las sinagogas y ser saludados en las plazas!<br>\u00a1Ay de ustedes, porque son como esos sepulcros que no se ven y sobre los cuales se camina sin saber!\u00bb.<br>Un doctor de la Ley tom\u00f3 entonces la palabra y dijo: \u00abMaestro, cuando hablas as\u00ed, nos insultas tambi\u00e9n a nosotros\u00bb.<br>El le respondi\u00f3: \u00ab\u00a1Ay de ustedes tambi\u00e9n, porque imponen a los dem\u00e1s cargas insoportables, pero ustedes no las tocan ni siquiera con un dedo!\u00bb<\/p>\n\n\n\n<p class=\"has-text-align-right\"><em>Extra\u00eddo de la Biblia: Libro del Pueblo de Dios. <\/em><\/p>\n","protected":false},"excerpt":{"rendered":"<p>\u00ab\u00a1Ay de ustedes, fariseos, que pagan el impuesto de la menta, de la ruda y de todas las legumbres, y descuidan la justicia y el amor de Dios! Hay que practicar esto, sin descuidar aquello.\u00a1Ay de ustedes, fariseos, porque les gusta ocupar el primer asiento en las sinagogas y ser saludados en las plazas!\u00a1Ay de [&hellip;]<\/p>\n","protected":false},"author":3,"featured_media":31453,"comment_status":"open","ping_status":"closed","sticky":false,"template":"","format":"standard","meta":{"_et_pb_use_builder":"off","_et_pb_old_content":"<!-- wp:paragraph -->\n<p> Al atardecer de ese mismo d\u00eda, el primero de la semana, estando cerradas las puertas del lugar donde se encontraban los disc\u00edpulos, por temor a los jud\u00edos, lleg\u00f3 Jes\u00fas y poni\u00e9ndose en medio de ellos, les dijo: \"\u00a1La paz est\u00e9 con ustedes!\".<br>Mientras dec\u00eda esto, les mostr\u00f3 sus manos y su costado. Los disc\u00edpulos se llenaron de alegr\u00eda cuando vieron al Se\u00f1or.<br>Jes\u00fas les dijo de nuevo: \"\u00a1La paz est\u00e9 con ustedes! Como el Padre me envi\u00f3 a m\u00ed, yo tambi\u00e9n los env\u00edo a ustedes\".<br>Al decirles esto, sopl\u00f3 sobre ellos y a\u00f1adi\u00f3: \"Reciban el Esp\u00edritu Santo.<br>Los pecados ser\u00e1n perdonados a los que ustedes se los perdonen, y ser\u00e1n retenidos a los que ustedes se los retengan\". <\/p>\n<!-- \/wp:paragraph -->\n\n<!-- wp:paragraph {\"align\":\"right\"} -->\n<p class=\"has-text-align-right\"><em>Extra\u00eddo de la Biblia: Libro del Pueblo de Dios. <\/em><\/p>\n<!-- \/wp:paragraph -->","_et_gb_content_width":""},"categories":[6],"tags":[],"aioseo_notices":[],"_links":{"self":[{"href":"https:\/\/www.obispado-mdp.org.ar\/a\/wp-json\/wp\/v2\/posts\/37601"}],"collection":[{"href":"https:\/\/www.obispado-mdp.org.ar\/a\/wp-json\/wp\/v2\/posts"}],"about":[{"href":"https:\/\/www.obispado-mdp.org.ar\/a\/wp-json\/wp\/v2\/types\/post"}],"author":[{"embeddable":true,"href":"https:\/\/www.obispado-mdp.org.ar\/a\/wp-json\/wp\/v2\/users\/3"}],"replies":[{"embeddable":true,"href":"https:\/\/www.obispado-mdp.org.ar\/a\/wp-json\/wp\/v2\/comments?post=37601"}],"version-history":[{"count":1,"href":"https:\/\/www.obispado-mdp.org.ar\/a\/wp-json\/wp\/v2\/posts\/37601\/revisions"}],"predecessor-version":[{"id":37602,"href":"https:\/\/www.obispado-mdp.org.ar\/a\/wp-json\/wp\/v2\/posts\/37601\/revisions\/37602"}],"wp:featuredmedia":[{"embeddable":true,"href":"https:\/\/www.obispado-mdp.org.ar\/a\/wp-json\/wp\/v2\/media\/31453"}],"wp:attachment":[{"href":"https:\/\/www.obispado-mdp.org.ar\/a\/wp-json\/wp\/v2\/media?parent=37601"}],"wp:term":[{"taxonomy":"category","embeddable":true,"href":"https:\/\/www.obispado-mdp.org.ar\/a\/wp-json\/wp\/v2\/categories?post=37601"},{"taxonomy":"post_tag","embeddable":true,"href":"https:\/\/www.obispado-mdp.org.ar\/a\/wp-json\/wp\/v2\/tags?post=37601"}],"curies":[{"name":"wp","href":"https:\/\/api.w.org\/{rel}","templated":true}]}}