{"id":37629,"date":"2022-10-25T18:30:00","date_gmt":"2022-10-25T21:30:00","guid":{"rendered":"https:\/\/www.obispado-mdp.org.ar\/a\/?p=37629"},"modified":"2022-09-22T09:42:50","modified_gmt":"2022-09-22T12:42:50","slug":"evangelio-segun-san-lucas-1322-30-3","status":"publish","type":"post","link":"https:\/\/www.obispado-mdp.org.ar\/a\/evangelio-segun-san-lucas-1322-30-3\/","title":{"rendered":"Evangelio seg\u00fan San\u00a0Lucas\u00a013,22-30."},"content":{"rendered":"\n<p>Jes\u00fas iba ense\u00f1ando por las ciudades y pueblos, mientras se dirig\u00eda a Jerusal\u00e9n.<br>Una persona le pregunt\u00f3: \u00abSe\u00f1or, \u00bfes verdad que son pocos los que se salvan?\u00bb. El respondi\u00f3:<br>\u00abTraten de entrar por la puerta estrecha, porque les aseguro que muchos querr\u00e1n entrar y no lo conseguir\u00e1n.<br>En cuanto el due\u00f1o de casa se levante y cierre la puerta, ustedes, desde afuera, se pondr\u00e1n a golpear la puerta, diciendo: &#8216;Se\u00f1or, \u00e1brenos&#8217;. Y \u00e9l les responder\u00e1: &#8216;No s\u00e9 de d\u00f3nde son ustedes&#8217;.<br>Entonces comenzar\u00e1n a decir: &#8216;Hemos comido y bebido contigo, y t\u00fa ense\u00f1aste en nuestras plazas&#8217;.<br>Pero \u00e9l les dir\u00e1: &#8216;No s\u00e9 de d\u00f3nde son ustedes; \u00a1ap\u00e1rtense de m\u00ed todos los que hacen el mal!&#8217;.<br>All\u00ed habr\u00e1 llantos y rechinar de dientes, cuando vean a Abraham, a Isaac, a Jacob y a todos los profetas en el Reino de Dios, y ustedes sean arrojados afuera.<br>Y vendr\u00e1n muchos de Oriente y de Occidente, del Norte y del Sur, a ocupar su lugar en el banquete del Reino de Dios.<br>Hay algunos que son los \u00faltimos y ser\u00e1n los primeros, y hay otros que son los primeros y ser\u00e1n los \u00faltimos\u00bb.<\/p>\n\n\n\n<p class=\"has-text-align-right\"><em>Extra\u00eddo de la Biblia: Libro del Pueblo de Dios. <\/em><\/p>\n","protected":false},"excerpt":{"rendered":"<p>Jes\u00fas iba ense\u00f1ando por las ciudades y pueblos, mientras se dirig\u00eda a Jerusal\u00e9n.Una persona le pregunt\u00f3: \u00abSe\u00f1or, \u00bfes verdad que son pocos los que se salvan?\u00bb. El respondi\u00f3:\u00abTraten de entrar por la puerta estrecha, porque les aseguro que muchos querr\u00e1n entrar y no lo conseguir\u00e1n.En cuanto el due\u00f1o de casa se levante y cierre la [&hellip;]<\/p>\n","protected":false},"author":3,"featured_media":31453,"comment_status":"open","ping_status":"closed","sticky":false,"template":"","format":"standard","meta":{"_et_pb_use_builder":"off","_et_pb_old_content":"<!-- wp:paragraph -->\n<p> Al atardecer de ese mismo d\u00eda, el primero de la semana, estando cerradas las puertas del lugar donde se encontraban los disc\u00edpulos, por temor a los jud\u00edos, lleg\u00f3 Jes\u00fas y poni\u00e9ndose en medio de ellos, les dijo: \"\u00a1La paz est\u00e9 con ustedes!\".<br>Mientras dec\u00eda esto, les mostr\u00f3 sus manos y su costado. Los disc\u00edpulos se llenaron de alegr\u00eda cuando vieron al Se\u00f1or.<br>Jes\u00fas les dijo de nuevo: \"\u00a1La paz est\u00e9 con ustedes! Como el Padre me envi\u00f3 a m\u00ed, yo tambi\u00e9n los env\u00edo a ustedes\".<br>Al decirles esto, sopl\u00f3 sobre ellos y a\u00f1adi\u00f3: \"Reciban el Esp\u00edritu Santo.<br>Los pecados ser\u00e1n perdonados a los que ustedes se los perdonen, y ser\u00e1n retenidos a los que ustedes se los retengan\". <\/p>\n<!-- \/wp:paragraph -->\n\n<!-- wp:paragraph {\"align\":\"right\"} -->\n<p class=\"has-text-align-right\"><em>Extra\u00eddo de la Biblia: Libro del Pueblo de Dios. <\/em><\/p>\n<!-- \/wp:paragraph -->","_et_gb_content_width":""},"categories":[6],"tags":[],"aioseo_notices":[],"_links":{"self":[{"href":"https:\/\/www.obispado-mdp.org.ar\/a\/wp-json\/wp\/v2\/posts\/37629"}],"collection":[{"href":"https:\/\/www.obispado-mdp.org.ar\/a\/wp-json\/wp\/v2\/posts"}],"about":[{"href":"https:\/\/www.obispado-mdp.org.ar\/a\/wp-json\/wp\/v2\/types\/post"}],"author":[{"embeddable":true,"href":"https:\/\/www.obispado-mdp.org.ar\/a\/wp-json\/wp\/v2\/users\/3"}],"replies":[{"embeddable":true,"href":"https:\/\/www.obispado-mdp.org.ar\/a\/wp-json\/wp\/v2\/comments?post=37629"}],"version-history":[{"count":1,"href":"https:\/\/www.obispado-mdp.org.ar\/a\/wp-json\/wp\/v2\/posts\/37629\/revisions"}],"predecessor-version":[{"id":37630,"href":"https:\/\/www.obispado-mdp.org.ar\/a\/wp-json\/wp\/v2\/posts\/37629\/revisions\/37630"}],"wp:featuredmedia":[{"embeddable":true,"href":"https:\/\/www.obispado-mdp.org.ar\/a\/wp-json\/wp\/v2\/media\/31453"}],"wp:attachment":[{"href":"https:\/\/www.obispado-mdp.org.ar\/a\/wp-json\/wp\/v2\/media?parent=37629"}],"wp:term":[{"taxonomy":"category","embeddable":true,"href":"https:\/\/www.obispado-mdp.org.ar\/a\/wp-json\/wp\/v2\/categories?post=37629"},{"taxonomy":"post_tag","embeddable":true,"href":"https:\/\/www.obispado-mdp.org.ar\/a\/wp-json\/wp\/v2\/tags?post=37629"}],"curies":[{"name":"wp","href":"https:\/\/api.w.org\/{rel}","templated":true}]}}