{"id":37631,"date":"2022-10-26T18:30:00","date_gmt":"2022-10-26T21:30:00","guid":{"rendered":"https:\/\/www.obispado-mdp.org.ar\/a\/?p=37631"},"modified":"2022-09-22T09:44:08","modified_gmt":"2022-09-22T12:44:08","slug":"evangelio-segun-san-lucas-1331-35","status":"publish","type":"post","link":"https:\/\/www.obispado-mdp.org.ar\/a\/evangelio-segun-san-lucas-1331-35\/","title":{"rendered":"Evangelio seg\u00fan San\u00a0Lucas\u00a013,31-35."},"content":{"rendered":"\n<p>En ese momento se acercaron algunos fariseos que le dijeron: \u00abAl\u00e9jate de aqu\u00ed, porque Herodes quiere matarte\u00bb.<br>El les respondi\u00f3: \u00abVayan a decir a ese zorro: hoy y ma\u00f1ana expulso a los demonios y realizo curaciones, y al tercer d\u00eda habr\u00e9 terminado.<br>Pero debo seguir mi camino hoy, ma\u00f1ana y pasado, porque no puede ser que un profeta muera fuera de Jerusal\u00e9n.<br>\u00a1Jerusal\u00e9n, Jerusal\u00e9n, que matas a los profetas y apedreas a los que te son enviados! \u00a1Cu\u00e1ntas veces quise reunir a tus hijos, como la gallina re\u00fane bajo sus alas a los pollitos, y t\u00fa no quisiste!<br>Por eso, a ustedes la casa les quedar\u00e1 vac\u00eda. Les aseguro que ya no me ver\u00e1n m\u00e1s, hasta que llegue el d\u00eda en que digan: \u00a1Bendito el que viene en nombre del Se\u00f1or!\u00bb.<\/p>\n\n\n\n<p class=\"has-text-align-right\"><em>Extra\u00eddo de la Biblia: Libro del Pueblo de Dios. <\/em><\/p>\n","protected":false},"excerpt":{"rendered":"<p>En ese momento se acercaron algunos fariseos que le dijeron: \u00abAl\u00e9jate de aqu\u00ed, porque Herodes quiere matarte\u00bb.El les respondi\u00f3: \u00abVayan a decir a ese zorro: hoy y ma\u00f1ana expulso a los demonios y realizo curaciones, y al tercer d\u00eda habr\u00e9 terminado.Pero debo seguir mi camino hoy, ma\u00f1ana y pasado, porque no puede ser que un [&hellip;]<\/p>\n","protected":false},"author":3,"featured_media":31450,"comment_status":"open","ping_status":"closed","sticky":false,"template":"","format":"standard","meta":{"_et_pb_use_builder":"off","_et_pb_old_content":"<!-- wp:paragraph -->\n<p> Al atardecer de ese mismo d\u00eda, el primero de la semana, estando cerradas las puertas del lugar donde se encontraban los disc\u00edpulos, por temor a los jud\u00edos, lleg\u00f3 Jes\u00fas y poni\u00e9ndose en medio de ellos, les dijo: \"\u00a1La paz est\u00e9 con ustedes!\".<br>Mientras dec\u00eda esto, les mostr\u00f3 sus manos y su costado. Los disc\u00edpulos se llenaron de alegr\u00eda cuando vieron al Se\u00f1or.<br>Jes\u00fas les dijo de nuevo: \"\u00a1La paz est\u00e9 con ustedes! Como el Padre me envi\u00f3 a m\u00ed, yo tambi\u00e9n los env\u00edo a ustedes\".<br>Al decirles esto, sopl\u00f3 sobre ellos y a\u00f1adi\u00f3: \"Reciban el Esp\u00edritu Santo.<br>Los pecados ser\u00e1n perdonados a los que ustedes se los perdonen, y ser\u00e1n retenidos a los que ustedes se los retengan\". <\/p>\n<!-- \/wp:paragraph -->\n\n<!-- wp:paragraph {\"align\":\"right\"} -->\n<p class=\"has-text-align-right\"><em>Extra\u00eddo de la Biblia: Libro del Pueblo de Dios. <\/em><\/p>\n<!-- \/wp:paragraph -->","_et_gb_content_width":""},"categories":[6],"tags":[],"aioseo_notices":[],"_links":{"self":[{"href":"https:\/\/www.obispado-mdp.org.ar\/a\/wp-json\/wp\/v2\/posts\/37631"}],"collection":[{"href":"https:\/\/www.obispado-mdp.org.ar\/a\/wp-json\/wp\/v2\/posts"}],"about":[{"href":"https:\/\/www.obispado-mdp.org.ar\/a\/wp-json\/wp\/v2\/types\/post"}],"author":[{"embeddable":true,"href":"https:\/\/www.obispado-mdp.org.ar\/a\/wp-json\/wp\/v2\/users\/3"}],"replies":[{"embeddable":true,"href":"https:\/\/www.obispado-mdp.org.ar\/a\/wp-json\/wp\/v2\/comments?post=37631"}],"version-history":[{"count":1,"href":"https:\/\/www.obispado-mdp.org.ar\/a\/wp-json\/wp\/v2\/posts\/37631\/revisions"}],"predecessor-version":[{"id":37632,"href":"https:\/\/www.obispado-mdp.org.ar\/a\/wp-json\/wp\/v2\/posts\/37631\/revisions\/37632"}],"wp:featuredmedia":[{"embeddable":true,"href":"https:\/\/www.obispado-mdp.org.ar\/a\/wp-json\/wp\/v2\/media\/31450"}],"wp:attachment":[{"href":"https:\/\/www.obispado-mdp.org.ar\/a\/wp-json\/wp\/v2\/media?parent=37631"}],"wp:term":[{"taxonomy":"category","embeddable":true,"href":"https:\/\/www.obispado-mdp.org.ar\/a\/wp-json\/wp\/v2\/categories?post=37631"},{"taxonomy":"post_tag","embeddable":true,"href":"https:\/\/www.obispado-mdp.org.ar\/a\/wp-json\/wp\/v2\/tags?post=37631"}],"curies":[{"name":"wp","href":"https:\/\/api.w.org\/{rel}","templated":true}]}}