{"id":37687,"date":"2022-11-23T18:30:00","date_gmt":"2022-11-23T21:30:00","guid":{"rendered":"https:\/\/www.obispado-mdp.org.ar\/a\/?p=37687"},"modified":"2022-09-22T11:00:11","modified_gmt":"2022-09-22T14:00:11","slug":"evangelio-segun-san-lucas-2120-28-2","status":"publish","type":"post","link":"https:\/\/www.obispado-mdp.org.ar\/a\/evangelio-segun-san-lucas-2120-28-2\/","title":{"rendered":"Evangelio seg\u00fan San\u00a0Lucas\u00a021,20-28."},"content":{"rendered":"\n<p>Jes\u00fas dijo a sus disc\u00edpulos:<br>\u00abCuando vean a Jerusal\u00e9n sitiada por los ej\u00e9rcitos, sepan que su ruina est\u00e1 pr\u00f3xima.<br>Los que est\u00e9n en Judea, que se refugien en las monta\u00f1as; los que est\u00e9n dentro de la ciudad, que se alejen; y los que est\u00e9n en los campos, que no vuelvan a ella.<br>Porque ser\u00e1n d\u00edas de escarmiento, en que todo lo que est\u00e1 escrito deber\u00e1 cumplirse.<br>\u00a1Ay de las que est\u00e9n embarazadas o tengan ni\u00f1os de pecho en aquellos d\u00edas! Ser\u00e1 grande la desgracia de este pa\u00eds y la ira de Dios pesar\u00e1 sobre este pueblo.<br>Caer\u00e1n al filo de la espada, ser\u00e1n llevados cautivos a todas las naciones, y Jerusal\u00e9n ser\u00e1 pisoteada por los paganos, hasta que el tiempo de los paganos llegue a su cumplimiento.<br>Habr\u00e1 se\u00f1ales en el sol, en la luna y en las estrellas; y en la tierra, los pueblos ser\u00e1n presa de la angustia ante el rugido del mar y la violencia de las olas.<br>Los hombres desfallecer\u00e1n de miedo por lo que sobrevendr\u00e1 al mundo, porque los astros se conmover\u00e1n.<br>Entonces se ver\u00e1 al Hijo del hombre venir sobre una nube, lleno de poder y de gloria.<br>Cuando comience a suceder esto, tengan \u00e1nimo y levanten la cabeza, porque est\u00e1 por llegarles la liberaci\u00f3n\u00bb.<\/p>\n\n\n\n<p class=\"has-text-align-right\"><em>Extra\u00eddo de la Biblia: Libro del Pueblo de Dios. <\/em><\/p>\n","protected":false},"excerpt":{"rendered":"<p>Jes\u00fas dijo a sus disc\u00edpulos:\u00abCuando vean a Jerusal\u00e9n sitiada por los ej\u00e9rcitos, sepan que su ruina est\u00e1 pr\u00f3xima.Los que est\u00e9n en Judea, que se refugien en las monta\u00f1as; los que est\u00e9n dentro de la ciudad, que se alejen; y los que est\u00e9n en los campos, que no vuelvan a ella.Porque ser\u00e1n d\u00edas de escarmiento, en [&hellip;]<\/p>\n","protected":false},"author":3,"featured_media":31450,"comment_status":"open","ping_status":"closed","sticky":false,"template":"","format":"standard","meta":{"_et_pb_use_builder":"off","_et_pb_old_content":"<!-- wp:paragraph -->\n<p> Al atardecer de ese mismo d\u00eda, el primero de la semana, estando cerradas las puertas del lugar donde se encontraban los disc\u00edpulos, por temor a los jud\u00edos, lleg\u00f3 Jes\u00fas y poni\u00e9ndose en medio de ellos, les dijo: \"\u00a1La paz est\u00e9 con ustedes!\".<br>Mientras dec\u00eda esto, les mostr\u00f3 sus manos y su costado. Los disc\u00edpulos se llenaron de alegr\u00eda cuando vieron al Se\u00f1or.<br>Jes\u00fas les dijo de nuevo: \"\u00a1La paz est\u00e9 con ustedes! Como el Padre me envi\u00f3 a m\u00ed, yo tambi\u00e9n los env\u00edo a ustedes\".<br>Al decirles esto, sopl\u00f3 sobre ellos y a\u00f1adi\u00f3: \"Reciban el Esp\u00edritu Santo.<br>Los pecados ser\u00e1n perdonados a los que ustedes se los perdonen, y ser\u00e1n retenidos a los que ustedes se los retengan\". <\/p>\n<!-- \/wp:paragraph -->\n\n<!-- wp:paragraph {\"align\":\"right\"} -->\n<p class=\"has-text-align-right\"><em>Extra\u00eddo de la Biblia: Libro del Pueblo de Dios. <\/em><\/p>\n<!-- \/wp:paragraph -->","_et_gb_content_width":""},"categories":[6],"tags":[],"aioseo_notices":[],"_links":{"self":[{"href":"https:\/\/www.obispado-mdp.org.ar\/a\/wp-json\/wp\/v2\/posts\/37687"}],"collection":[{"href":"https:\/\/www.obispado-mdp.org.ar\/a\/wp-json\/wp\/v2\/posts"}],"about":[{"href":"https:\/\/www.obispado-mdp.org.ar\/a\/wp-json\/wp\/v2\/types\/post"}],"author":[{"embeddable":true,"href":"https:\/\/www.obispado-mdp.org.ar\/a\/wp-json\/wp\/v2\/users\/3"}],"replies":[{"embeddable":true,"href":"https:\/\/www.obispado-mdp.org.ar\/a\/wp-json\/wp\/v2\/comments?post=37687"}],"version-history":[{"count":1,"href":"https:\/\/www.obispado-mdp.org.ar\/a\/wp-json\/wp\/v2\/posts\/37687\/revisions"}],"predecessor-version":[{"id":37688,"href":"https:\/\/www.obispado-mdp.org.ar\/a\/wp-json\/wp\/v2\/posts\/37687\/revisions\/37688"}],"wp:featuredmedia":[{"embeddable":true,"href":"https:\/\/www.obispado-mdp.org.ar\/a\/wp-json\/wp\/v2\/media\/31450"}],"wp:attachment":[{"href":"https:\/\/www.obispado-mdp.org.ar\/a\/wp-json\/wp\/v2\/media?parent=37687"}],"wp:term":[{"taxonomy":"category","embeddable":true,"href":"https:\/\/www.obispado-mdp.org.ar\/a\/wp-json\/wp\/v2\/categories?post=37687"},{"taxonomy":"post_tag","embeddable":true,"href":"https:\/\/www.obispado-mdp.org.ar\/a\/wp-json\/wp\/v2\/tags?post=37687"}],"curies":[{"name":"wp","href":"https:\/\/api.w.org\/{rel}","templated":true}]}}