{"id":37750,"date":"2022-09-29T09:08:15","date_gmt":"2022-09-29T12:08:15","guid":{"rendered":"https:\/\/www.obispado-mdp.org.ar\/a\/?p=37750"},"modified":"2022-09-29T09:08:23","modified_gmt":"2022-09-29T12:08:23","slug":"inauguran-obras-en-el-colegio-don-bosco-de-piran","status":"publish","type":"post","link":"https:\/\/www.obispado-mdp.org.ar\/a\/inauguran-obras-en-el-colegio-don-bosco-de-piran\/","title":{"rendered":"INAUGURAN OBRAS EN EL COLEGIO DON BOSCO DE PIRAN"},"content":{"rendered":"\n<p class=\"has-pale-cyan-blue-background-color has-background\"><strong>    El padre obispo Gabriel Mestre, junto al intendente del Partido de Mar Chiquita, Jorge Paredi y la comunidad educativa, participaron del acto de la puesta en valor del Monte del Colegio Don Bosco de General Pir\u00e1n.<\/strong><\/p>\n\n\n\n<p>El obispo Gabriel presidio la Eucarist\u00eda junto al p\u00e1rroco Cristian Basterrechea y el Pbro Silvano De Sarro y luego se descubri\u00f3 una placa con las autoridades del colegio y el municipio de Mar Chiquita.<\/p>\n\n\n\n<p>En acuerdo con el <a><\/a>obispado, el municipio efectu\u00f3 tareas de poda, limpieza, conformaci\u00f3n de senderos y arreglos de la hist\u00f3rica glorieta. El jefe comunal remarc\u00f3: \u00abEste d\u00eda tiene que ver con una inquietud que tuvo el obispado con poner en valor este monte que tiene una historia muy rica. Es nuestra obligaci\u00f3n como funcionarios p\u00fablicos responder a estas convocatorias\u00bb.<\/p>\n\n\n\n<p>El intendente estuvo acompa\u00f1ado por su esposa, y todo el gabinete de gobierno de Mar Chiquita. Asistieron tambi\u00e9n el presidente del Honorable Concejo Deliberante, Carlos Minnucci; la jefa Distrital de Educaci\u00f3n, Ver\u00f3nica Serantes; el presidente del Consejo Escolar, Patricio Patuto; miembros del gabinete municipal; autoridades educativas y vecinos y vecinas.<\/p>\n\n\n\n<p>Por su parte, el Obispo Mestre manifest\u00f3: \u00abEl a\u00f1o pasado el intendente Paredi me contaba la importancia del Colegio Don Bosco en la comunidad. Hoy este monte puesto en valor es una realidad. Es fundamental trabajar junto a los funcionarios del municipio y nosotros como Iglesia, al servicio de la comunidad. Un gran gracias al municipio por recuperar el monte\u00bb.<\/p>\n\n\n\n<p>Foto: gentileza de Amilcar Pico Arocena<\/p>\n\n\n\n<figure class=\"wp-container-2 wp-block-gallery-1 wp-block-gallery has-nested-images columns-default is-cropped\">\n<figure class=\"wp-block-image size-large\"><img loading=\"lazy\" width=\"831\" height=\"623\" data-id=\"37751\"  src=\"https:\/\/www.obispado-mdp.org.ar\/a\/wp-content\/uploads\/2022\/09\/IMG_1362-copia.jpg\" alt=\"\" class=\"wp-image-37751\"\/><\/figure>\n\n\n\n<figure class=\"wp-block-image size-large\"><img loading=\"lazy\" width=\"831\" height=\"623\" data-id=\"37752\"  src=\"https:\/\/www.obispado-mdp.org.ar\/a\/wp-content\/uploads\/2022\/09\/IMG_1363-copia.jpg\" alt=\"\" class=\"wp-image-37752\"\/><\/figure>\n\n\n\n<figure class=\"wp-block-image size-large\"><img loading=\"lazy\" width=\"1024\" height=\"576\" data-id=\"37756\"  src=\"https:\/\/www.obispado-mdp.org.ar\/a\/wp-content\/uploads\/2022\/09\/don-bosco.-1-copia-copia-1024x576.jpg\" alt=\"\" class=\"wp-image-37756\"\/><\/figure>\n\n\n\n<figure class=\"wp-block-image size-large\"><img loading=\"lazy\" width=\"831\" height=\"623\" data-id=\"37753\"  src=\"https:\/\/www.obispado-mdp.org.ar\/a\/wp-content\/uploads\/2022\/09\/IMG_1348-copia-copia.jpg\" alt=\"\" class=\"wp-image-37753\"\/><\/figure>\n\n\n\n<figure class=\"wp-block-image size-large\"><img loading=\"lazy\" width=\"831\" height=\"623\" data-id=\"37754\"  src=\"https:\/\/www.obispado-mdp.org.ar\/a\/wp-content\/uploads\/2022\/09\/IMG_1350-copia-copia.jpg\" alt=\"\" class=\"wp-image-37754\"\/><\/figure>\n\n\n\n<figure class=\"wp-block-image size-large\"><img loading=\"lazy\" width=\"831\" height=\"623\" data-id=\"37755\"  src=\"https:\/\/www.obispado-mdp.org.ar\/a\/wp-content\/uploads\/2022\/09\/IMG_1351-copia.jpg\" alt=\"\" class=\"wp-image-37755\"\/><\/figure>\n<\/figure>\n","protected":false},"excerpt":{"rendered":"<p>El padre obispo Gabriel Mestre, junto al intendente del Partido de Mar Chiquita, Jorge Paredi y la comunidad educativa, participaron del acto de la puesta en valor del Monte del Colegio Don Bosco de General Pir\u00e1n. El obispo Gabriel presidio la Eucarist\u00eda junto al p\u00e1rroco Cristian Basterrechea y el Pbro Silvano De Sarro y luego [&hellip;]<\/p>\n","protected":false},"author":4,"featured_media":37757,"comment_status":"open","ping_status":"open","sticky":false,"template":"","format":"standard","meta":{"_et_pb_use_builder":"","_et_pb_old_content":"","_et_gb_content_width":""},"categories":[4,7],"tags":[],"aioseo_notices":[],"_links":{"self":[{"href":"https:\/\/www.obispado-mdp.org.ar\/a\/wp-json\/wp\/v2\/posts\/37750"}],"collection":[{"href":"https:\/\/www.obispado-mdp.org.ar\/a\/wp-json\/wp\/v2\/posts"}],"about":[{"href":"https:\/\/www.obispado-mdp.org.ar\/a\/wp-json\/wp\/v2\/types\/post"}],"author":[{"embeddable":true,"href":"https:\/\/www.obispado-mdp.org.ar\/a\/wp-json\/wp\/v2\/users\/4"}],"replies":[{"embeddable":true,"href":"https:\/\/www.obispado-mdp.org.ar\/a\/wp-json\/wp\/v2\/comments?post=37750"}],"version-history":[{"count":1,"href":"https:\/\/www.obispado-mdp.org.ar\/a\/wp-json\/wp\/v2\/posts\/37750\/revisions"}],"predecessor-version":[{"id":37758,"href":"https:\/\/www.obispado-mdp.org.ar\/a\/wp-json\/wp\/v2\/posts\/37750\/revisions\/37758"}],"wp:featuredmedia":[{"embeddable":true,"href":"https:\/\/www.obispado-mdp.org.ar\/a\/wp-json\/wp\/v2\/media\/37757"}],"wp:attachment":[{"href":"https:\/\/www.obispado-mdp.org.ar\/a\/wp-json\/wp\/v2\/media?parent=37750"}],"wp:term":[{"taxonomy":"category","embeddable":true,"href":"https:\/\/www.obispado-mdp.org.ar\/a\/wp-json\/wp\/v2\/categories?post=37750"},{"taxonomy":"post_tag","embeddable":true,"href":"https:\/\/www.obispado-mdp.org.ar\/a\/wp-json\/wp\/v2\/tags?post=37750"}],"curies":[{"name":"wp","href":"https:\/\/api.w.org\/{rel}","templated":true}]}}