{"id":37993,"date":"2022-11-01T08:30:00","date_gmt":"2022-11-01T11:30:00","guid":{"rendered":"https:\/\/www.obispado-mdp.org.ar\/a\/?p=37993"},"modified":"2022-10-31T11:27:48","modified_gmt":"2022-10-31T14:27:48","slug":"fiesta-de-todos-los-santos","status":"publish","type":"post","link":"https:\/\/www.obispado-mdp.org.ar\/a\/fiesta-de-todos-los-santos\/","title":{"rendered":"FIESTA DE TODOS LOS SANTOS."},"content":{"rendered":"\n<p class=\"has-pale-cyan-blue-background-color has-background\"><strong>Este martes 1\u00ba de noviembre la Iglesia cat\u00f3lica celebra la fiesta de Todos los Santos, y al d\u00eda siguiente, mi\u00e9rcoles 2, reza por los fieles difuntos, son dos celebraciones muy populares y muy sentidas por el pueblo fiel, cuya tradici\u00f3n se remonta a los primeros tiempos del cristianismo, cuando se honraba el recuerdo y se ofrec\u00edan oraciones y sacrificios por las almas que partieron de este mundo.<\/strong><\/p>\n\n\n\n<p>Estas dos fiestas expresan contenidos esenciales de la profesi\u00f3n de fe cristiana y cat\u00f3lica: \u00abCreemos en la comuni\u00f3n de los santos\u00bb y \u00abCreemos en la resurrecci\u00f3n de la carne y en la vida eterna\u00bb.<\/p>\n\n\n\n<p>En el d\u00eda de Todos los Santos se celebra a todos los cristianos que ya gozan de la visi\u00f3n de Dios, que ya est\u00e1n en el cielo, hayan sido o no declarados santos o beatos por la Iglesia. De ah\u00ed, su nombre: el d\u00eda de Todos los Santos.<\/p>\n\n\n\n<p>El d\u00eda de Todos los Santos habla de que la vida humana no termina con la muerte sino que abre a la vida de eternidad con Dios. Por ello, al d\u00eda siguiente a la fiesta de Todos los Santos, el 2 de noviembre, se conmemora a los difuntos. Es el d\u00eda en el que la piedad del pueblo fiel visita los cementerios y recuerda y reza por los familiares y amigos difuntos.<\/p>\n\n\n\n<p>La muerte es, sin duda alguna, la realidad m\u00e1s dolorosa, m\u00e1s misteriosa y, a la vez, m\u00e1s insoslayable de la condici\u00f3n humana. Sin embargo, desde la fe cristiana, esta realidad se ilumina y se llena de sentido. Dios, al encarnarse en Jesucristo, no s\u00f3lo asumi\u00f3 la muerte como etapa necesaria de la existencia humana, sino que la transcendi\u00f3, la venci\u00f3.<\/p>\n\n\n\n<p>Pbro Ezequiel Kseim<\/p>\n","protected":false},"excerpt":{"rendered":"<p>Este martes 1\u00ba de noviembre la Iglesia cat\u00f3lica celebra la fiesta de Todos los Santos, y al d\u00eda siguiente, mi\u00e9rcoles 2, reza por los fieles difuntos, son dos celebraciones muy populares y muy sentidas por el pueblo fiel, cuya tradici\u00f3n se remonta a los primeros tiempos del cristianismo, cuando se honraba el recuerdo y se [&hellip;]<\/p>\n","protected":false},"author":4,"featured_media":37994,"comment_status":"open","ping_status":"open","sticky":false,"template":"","format":"standard","meta":{"_et_pb_use_builder":"","_et_pb_old_content":"","_et_gb_content_width":""},"categories":[4],"tags":[],"aioseo_notices":[],"_links":{"self":[{"href":"https:\/\/www.obispado-mdp.org.ar\/a\/wp-json\/wp\/v2\/posts\/37993"}],"collection":[{"href":"https:\/\/www.obispado-mdp.org.ar\/a\/wp-json\/wp\/v2\/posts"}],"about":[{"href":"https:\/\/www.obispado-mdp.org.ar\/a\/wp-json\/wp\/v2\/types\/post"}],"author":[{"embeddable":true,"href":"https:\/\/www.obispado-mdp.org.ar\/a\/wp-json\/wp\/v2\/users\/4"}],"replies":[{"embeddable":true,"href":"https:\/\/www.obispado-mdp.org.ar\/a\/wp-json\/wp\/v2\/comments?post=37993"}],"version-history":[{"count":2,"href":"https:\/\/www.obispado-mdp.org.ar\/a\/wp-json\/wp\/v2\/posts\/37993\/revisions"}],"predecessor-version":[{"id":37996,"href":"https:\/\/www.obispado-mdp.org.ar\/a\/wp-json\/wp\/v2\/posts\/37993\/revisions\/37996"}],"wp:featuredmedia":[{"embeddable":true,"href":"https:\/\/www.obispado-mdp.org.ar\/a\/wp-json\/wp\/v2\/media\/37994"}],"wp:attachment":[{"href":"https:\/\/www.obispado-mdp.org.ar\/a\/wp-json\/wp\/v2\/media?parent=37993"}],"wp:term":[{"taxonomy":"category","embeddable":true,"href":"https:\/\/www.obispado-mdp.org.ar\/a\/wp-json\/wp\/v2\/categories?post=37993"},{"taxonomy":"post_tag","embeddable":true,"href":"https:\/\/www.obispado-mdp.org.ar\/a\/wp-json\/wp\/v2\/tags?post=37993"}],"curies":[{"name":"wp","href":"https:\/\/api.w.org\/{rel}","templated":true}]}}