{"id":38066,"date":"2022-12-01T18:30:00","date_gmt":"2022-12-01T21:30:00","guid":{"rendered":"https:\/\/www.obispado-mdp.org.ar\/a\/?p=38066"},"modified":"2022-11-06T07:53:55","modified_gmt":"2022-11-06T10:53:55","slug":"evangelio-segun-san-mateo-927-31-2","status":"publish","type":"post","link":"https:\/\/www.obispado-mdp.org.ar\/a\/evangelio-segun-san-mateo-927-31-2\/","title":{"rendered":"Evangelio seg\u00fan San\u00a0Mateo\u00a09,27-31"},"content":{"rendered":"\n<p>Cuando Jes\u00fas se fue, lo siguieron dos ciegos, gritando: \u00abTen piedad de nosotros, Hijo de David\u00bb.<br>Al llegar a la casa, los ciegos se le acercaron y \u00e9l les pregunt\u00f3: \u00ab\u00bfCreen que yo puedo hacer lo que me piden?\u00bb. Ellos le respondieron: \u00abS\u00ed, Se\u00f1or\u00bb.<br>Jes\u00fas les toc\u00f3 los ojos, diciendo: \u00abQue suceda como ustedes han cre\u00eddo\u00bb.<br>Y se les abrieron sus ojos. Entonces Jes\u00fas los conmin\u00f3: \u00ab\u00a1Cuidado! Que nadie lo sepa\u00bb.<br>Pero ellos, apenas salieron, difundieron su fama por toda aquella regi\u00f3n.<\/p>\n\n\n\n<p class=\"has-text-align-right\"><em>Extra\u00eddo de la Biblia: Libro del Pueblo de Dios. <\/em><\/p>\n","protected":false},"excerpt":{"rendered":"<p>Cuando Jes\u00fas se fue, lo siguieron dos ciegos, gritando: \u00abTen piedad de nosotros, Hijo de David\u00bb.Al llegar a la casa, los ciegos se le acercaron y \u00e9l les pregunt\u00f3: \u00ab\u00bfCreen que yo puedo hacer lo que me piden?\u00bb. Ellos le respondieron: \u00abS\u00ed, Se\u00f1or\u00bb.Jes\u00fas les toc\u00f3 los ojos, diciendo: \u00abQue suceda como ustedes han cre\u00eddo\u00bb.Y se [&hellip;]<\/p>\n","protected":false},"author":3,"featured_media":31455,"comment_status":"open","ping_status":"closed","sticky":false,"template":"","format":"standard","meta":{"_et_pb_use_builder":"off","_et_pb_old_content":"<!-- wp:paragraph -->\n<p> Al atardecer de ese mismo d\u00eda, el primero de la semana, estando cerradas las puertas del lugar donde se encontraban los disc\u00edpulos, por temor a los jud\u00edos, lleg\u00f3 Jes\u00fas y poni\u00e9ndose en medio de ellos, les dijo: \"\u00a1La paz est\u00e9 con ustedes!\".<br>Mientras dec\u00eda esto, les mostr\u00f3 sus manos y su costado. Los disc\u00edpulos se llenaron de alegr\u00eda cuando vieron al Se\u00f1or.<br>Jes\u00fas les dijo de nuevo: \"\u00a1La paz est\u00e9 con ustedes! Como el Padre me envi\u00f3 a m\u00ed, yo tambi\u00e9n los env\u00edo a ustedes\".<br>Al decirles esto, sopl\u00f3 sobre ellos y a\u00f1adi\u00f3: \"Reciban el Esp\u00edritu Santo.<br>Los pecados ser\u00e1n perdonados a los que ustedes se los perdonen, y ser\u00e1n retenidos a los que ustedes se los retengan\". <\/p>\n<!-- \/wp:paragraph -->\n\n<!-- wp:paragraph {\"align\":\"right\"} -->\n<p class=\"has-text-align-right\"><em>Extra\u00eddo de la Biblia: Libro del Pueblo de Dios. <\/em><\/p>\n<!-- \/wp:paragraph -->","_et_gb_content_width":""},"categories":[6],"tags":[],"aioseo_notices":[],"_links":{"self":[{"href":"https:\/\/www.obispado-mdp.org.ar\/a\/wp-json\/wp\/v2\/posts\/38066"}],"collection":[{"href":"https:\/\/www.obispado-mdp.org.ar\/a\/wp-json\/wp\/v2\/posts"}],"about":[{"href":"https:\/\/www.obispado-mdp.org.ar\/a\/wp-json\/wp\/v2\/types\/post"}],"author":[{"embeddable":true,"href":"https:\/\/www.obispado-mdp.org.ar\/a\/wp-json\/wp\/v2\/users\/3"}],"replies":[{"embeddable":true,"href":"https:\/\/www.obispado-mdp.org.ar\/a\/wp-json\/wp\/v2\/comments?post=38066"}],"version-history":[{"count":1,"href":"https:\/\/www.obispado-mdp.org.ar\/a\/wp-json\/wp\/v2\/posts\/38066\/revisions"}],"predecessor-version":[{"id":38067,"href":"https:\/\/www.obispado-mdp.org.ar\/a\/wp-json\/wp\/v2\/posts\/38066\/revisions\/38067"}],"wp:featuredmedia":[{"embeddable":true,"href":"https:\/\/www.obispado-mdp.org.ar\/a\/wp-json\/wp\/v2\/media\/31455"}],"wp:attachment":[{"href":"https:\/\/www.obispado-mdp.org.ar\/a\/wp-json\/wp\/v2\/media?parent=38066"}],"wp:term":[{"taxonomy":"category","embeddable":true,"href":"https:\/\/www.obispado-mdp.org.ar\/a\/wp-json\/wp\/v2\/categories?post=38066"},{"taxonomy":"post_tag","embeddable":true,"href":"https:\/\/www.obispado-mdp.org.ar\/a\/wp-json\/wp\/v2\/tags?post=38066"}],"curies":[{"name":"wp","href":"https:\/\/api.w.org\/{rel}","templated":true}]}}