{"id":38085,"date":"2022-12-10T18:30:00","date_gmt":"2022-12-10T21:30:00","guid":{"rendered":"https:\/\/www.obispado-mdp.org.ar\/a\/?p=38085"},"modified":"2022-11-06T08:08:41","modified_gmt":"2022-11-06T11:08:41","slug":"evangelio-segun-san-mateo-112-11","status":"publish","type":"post","link":"https:\/\/www.obispado-mdp.org.ar\/a\/evangelio-segun-san-mateo-112-11\/","title":{"rendered":"Evangelio seg\u00fan San\u00a0Mateo\u00a011,2-11"},"content":{"rendered":"\n<p>Juan el Bautista oy\u00f3 hablar en la c\u00e1rcel de las obras de Cristo, y mand\u00f3 a dos de sus disc\u00edpulos para preguntarle:<br>\u00ab\u00bfEres t\u00fa el que ha de venir o debemos esperar a otro?\u00bb.<br>Jes\u00fas les respondi\u00f3: \u00abVayan a contar a Juan lo que ustedes oyen y ven:<br>los ciegos ven y los paral\u00edticos caminan; los leprosos son purificados y los sordos oyen; los muertos resucitan y la Buena Noticia es anunciada a los pobres.<br>\u00a1Y feliz aquel para quien yo no sea motivo de tropiezo!\u00bb.<br>Mientras los enviados de Juan se retiraban, Jes\u00fas empez\u00f3 a hablar de \u00e9l a la multitud, diciendo: \u00ab\u00bfQu\u00e9 fueron a ver al desierto? \u00bfUna ca\u00f1a agitada por el viento?<br>\u00bfQu\u00e9 fueron a ver? \u00bfUn hombre vestido con refinamiento? Los que se visten de esa manera viven en los palacios de los reyes.<br>\u00bfQu\u00e9 fueron a ver entonces? \u00bfUn profeta? Les aseguro que s\u00ed, y m\u00e1s que un profeta.<br>El es aquel de quien est\u00e1 escrito: Yo env\u00edo a mi mensajero delante de ti, para prepararte el camino.<br>Les aseguro que no ha nacido ning\u00fan hombre m\u00e1s grande que Juan el Bautista; y sin embargo, el m\u00e1s peque\u00f1o en el Reino de los Cielos es m\u00e1s grande que \u00e9l.<\/p>\n\n\n\n<p class=\"has-text-align-right\"><em>Extra\u00eddo de la Biblia: Libro del Pueblo de Dios. <\/em><\/p>\n","protected":false},"excerpt":{"rendered":"<p>Juan el Bautista oy\u00f3 hablar en la c\u00e1rcel de las obras de Cristo, y mand\u00f3 a dos de sus disc\u00edpulos para preguntarle:\u00ab\u00bfEres t\u00fa el que ha de venir o debemos esperar a otro?\u00bb.Jes\u00fas les respondi\u00f3: \u00abVayan a contar a Juan lo que ustedes oyen y ven:los ciegos ven y los paral\u00edticos caminan; los leprosos son [&hellip;]<\/p>\n","protected":false},"author":3,"featured_media":31456,"comment_status":"open","ping_status":"closed","sticky":false,"template":"","format":"standard","meta":{"_et_pb_use_builder":"off","_et_pb_old_content":"<!-- wp:paragraph -->\n<p> Al atardecer de ese mismo d\u00eda, el primero de la semana, estando cerradas las puertas del lugar donde se encontraban los disc\u00edpulos, por temor a los jud\u00edos, lleg\u00f3 Jes\u00fas y poni\u00e9ndose en medio de ellos, les dijo: \"\u00a1La paz est\u00e9 con ustedes!\".<br>Mientras dec\u00eda esto, les mostr\u00f3 sus manos y su costado. Los disc\u00edpulos se llenaron de alegr\u00eda cuando vieron al Se\u00f1or.<br>Jes\u00fas les dijo de nuevo: \"\u00a1La paz est\u00e9 con ustedes! Como el Padre me envi\u00f3 a m\u00ed, yo tambi\u00e9n los env\u00edo a ustedes\".<br>Al decirles esto, sopl\u00f3 sobre ellos y a\u00f1adi\u00f3: \"Reciban el Esp\u00edritu Santo.<br>Los pecados ser\u00e1n perdonados a los que ustedes se los perdonen, y ser\u00e1n retenidos a los que ustedes se los retengan\". <\/p>\n<!-- \/wp:paragraph -->\n\n<!-- wp:paragraph {\"align\":\"right\"} -->\n<p class=\"has-text-align-right\"><em>Extra\u00eddo de la Biblia: Libro del Pueblo de Dios. <\/em><\/p>\n<!-- \/wp:paragraph -->","_et_gb_content_width":""},"categories":[6],"tags":[],"aioseo_notices":[],"_links":{"self":[{"href":"https:\/\/www.obispado-mdp.org.ar\/a\/wp-json\/wp\/v2\/posts\/38085"}],"collection":[{"href":"https:\/\/www.obispado-mdp.org.ar\/a\/wp-json\/wp\/v2\/posts"}],"about":[{"href":"https:\/\/www.obispado-mdp.org.ar\/a\/wp-json\/wp\/v2\/types\/post"}],"author":[{"embeddable":true,"href":"https:\/\/www.obispado-mdp.org.ar\/a\/wp-json\/wp\/v2\/users\/3"}],"replies":[{"embeddable":true,"href":"https:\/\/www.obispado-mdp.org.ar\/a\/wp-json\/wp\/v2\/comments?post=38085"}],"version-history":[{"count":1,"href":"https:\/\/www.obispado-mdp.org.ar\/a\/wp-json\/wp\/v2\/posts\/38085\/revisions"}],"predecessor-version":[{"id":38086,"href":"https:\/\/www.obispado-mdp.org.ar\/a\/wp-json\/wp\/v2\/posts\/38085\/revisions\/38086"}],"wp:featuredmedia":[{"embeddable":true,"href":"https:\/\/www.obispado-mdp.org.ar\/a\/wp-json\/wp\/v2\/media\/31456"}],"wp:attachment":[{"href":"https:\/\/www.obispado-mdp.org.ar\/a\/wp-json\/wp\/v2\/media?parent=38085"}],"wp:term":[{"taxonomy":"category","embeddable":true,"href":"https:\/\/www.obispado-mdp.org.ar\/a\/wp-json\/wp\/v2\/categories?post=38085"},{"taxonomy":"post_tag","embeddable":true,"href":"https:\/\/www.obispado-mdp.org.ar\/a\/wp-json\/wp\/v2\/tags?post=38085"}],"curies":[{"name":"wp","href":"https:\/\/api.w.org\/{rel}","templated":true}]}}