{"id":38087,"date":"2022-12-11T18:30:00","date_gmt":"2022-12-11T21:30:00","guid":{"rendered":"https:\/\/www.obispado-mdp.org.ar\/a\/?p=38087"},"modified":"2022-11-06T08:09:50","modified_gmt":"2022-11-06T11:09:50","slug":"evangelio-segun-san-lucas-139-48","status":"publish","type":"post","link":"https:\/\/www.obispado-mdp.org.ar\/a\/evangelio-segun-san-lucas-139-48\/","title":{"rendered":"Evangelio seg\u00fan San\u00a0Lucas\u00a01,39-48"},"content":{"rendered":"\n<p>Mar\u00eda parti\u00f3 y fue sin demora a un pueblo de la monta\u00f1a de Jud\u00e1.<br>Entr\u00f3 en la casa de Zacar\u00edas y salud\u00f3 a Isabel.<br>Apenas esta oy\u00f3 el saludo de Mar\u00eda, el ni\u00f1o salt\u00f3 de alegr\u00eda en su seno, e Isabel, llena del Esp\u00edritu Santo,<br>exclam\u00f3: \u00ab\u00a1T\u00fa eres bendita entre todas las mujeres y bendito es el fruto de tu vientre!<br>\u00bfQui\u00e9n soy yo, para que la madre de mi Se\u00f1or venga a visitarme?<br>Apenas o\u00ed tu saludo, el ni\u00f1o salt\u00f3 de alegr\u00eda en mi seno.<br>Feliz de ti por haber cre\u00eddo que se cumplir\u00e1 lo que te fue anunciado de parte del Se\u00f1or\u00bb.<br>Mar\u00eda dijo entonces: \u00abMi alma canta la grandeza del Se\u00f1or,<br>y mi esp\u00edritu se estremece de gozo en Dios, mi Salvador,<br>porque \u00e9l mir\u00f3 con bondad la peque\u00f1ez de tu servidora.<br>En adelante todas las generaciones me llamar\u00e1n feliz\u00bb.<\/p>\n\n\n\n<p class=\"has-text-align-right\"><em>Extra\u00eddo de la Biblia: Libro del Pueblo de Dios. <\/em><\/p>\n","protected":false},"excerpt":{"rendered":"<p>Mar\u00eda parti\u00f3 y fue sin demora a un pueblo de la monta\u00f1a de Jud\u00e1.Entr\u00f3 en la casa de Zacar\u00edas y salud\u00f3 a Isabel.Apenas esta oy\u00f3 el saludo de Mar\u00eda, el ni\u00f1o salt\u00f3 de alegr\u00eda en su seno, e Isabel, llena del Esp\u00edritu Santo,exclam\u00f3: \u00ab\u00a1T\u00fa eres bendita entre todas las mujeres y bendito es el fruto [&hellip;]<\/p>\n","protected":false},"author":3,"featured_media":31451,"comment_status":"open","ping_status":"closed","sticky":false,"template":"","format":"standard","meta":{"_et_pb_use_builder":"off","_et_pb_old_content":"<!-- wp:paragraph -->\n<p> Al atardecer de ese mismo d\u00eda, el primero de la semana, estando cerradas las puertas del lugar donde se encontraban los disc\u00edpulos, por temor a los jud\u00edos, lleg\u00f3 Jes\u00fas y poni\u00e9ndose en medio de ellos, les dijo: \"\u00a1La paz est\u00e9 con ustedes!\".<br>Mientras dec\u00eda esto, les mostr\u00f3 sus manos y su costado. Los disc\u00edpulos se llenaron de alegr\u00eda cuando vieron al Se\u00f1or.<br>Jes\u00fas les dijo de nuevo: \"\u00a1La paz est\u00e9 con ustedes! Como el Padre me envi\u00f3 a m\u00ed, yo tambi\u00e9n los env\u00edo a ustedes\".<br>Al decirles esto, sopl\u00f3 sobre ellos y a\u00f1adi\u00f3: \"Reciban el Esp\u00edritu Santo.<br>Los pecados ser\u00e1n perdonados a los que ustedes se los perdonen, y ser\u00e1n retenidos a los que ustedes se los retengan\". <\/p>\n<!-- \/wp:paragraph -->\n\n<!-- wp:paragraph {\"align\":\"right\"} -->\n<p class=\"has-text-align-right\"><em>Extra\u00eddo de la Biblia: Libro del Pueblo de Dios. <\/em><\/p>\n<!-- \/wp:paragraph -->","_et_gb_content_width":""},"categories":[6],"tags":[],"aioseo_notices":[],"_links":{"self":[{"href":"https:\/\/www.obispado-mdp.org.ar\/a\/wp-json\/wp\/v2\/posts\/38087"}],"collection":[{"href":"https:\/\/www.obispado-mdp.org.ar\/a\/wp-json\/wp\/v2\/posts"}],"about":[{"href":"https:\/\/www.obispado-mdp.org.ar\/a\/wp-json\/wp\/v2\/types\/post"}],"author":[{"embeddable":true,"href":"https:\/\/www.obispado-mdp.org.ar\/a\/wp-json\/wp\/v2\/users\/3"}],"replies":[{"embeddable":true,"href":"https:\/\/www.obispado-mdp.org.ar\/a\/wp-json\/wp\/v2\/comments?post=38087"}],"version-history":[{"count":1,"href":"https:\/\/www.obispado-mdp.org.ar\/a\/wp-json\/wp\/v2\/posts\/38087\/revisions"}],"predecessor-version":[{"id":38088,"href":"https:\/\/www.obispado-mdp.org.ar\/a\/wp-json\/wp\/v2\/posts\/38087\/revisions\/38088"}],"wp:featuredmedia":[{"embeddable":true,"href":"https:\/\/www.obispado-mdp.org.ar\/a\/wp-json\/wp\/v2\/media\/31451"}],"wp:attachment":[{"href":"https:\/\/www.obispado-mdp.org.ar\/a\/wp-json\/wp\/v2\/media?parent=38087"}],"wp:term":[{"taxonomy":"category","embeddable":true,"href":"https:\/\/www.obispado-mdp.org.ar\/a\/wp-json\/wp\/v2\/categories?post=38087"},{"taxonomy":"post_tag","embeddable":true,"href":"https:\/\/www.obispado-mdp.org.ar\/a\/wp-json\/wp\/v2\/tags?post=38087"}],"curies":[{"name":"wp","href":"https:\/\/api.w.org\/{rel}","templated":true}]}}