{"id":38114,"date":"2022-12-23T18:30:00","date_gmt":"2022-12-23T21:30:00","guid":{"rendered":"https:\/\/www.obispado-mdp.org.ar\/a\/?p=38114"},"modified":"2022-11-06T08:32:58","modified_gmt":"2022-11-06T11:32:58","slug":"evangelio-segun-san-lucas-21-14-2","status":"publish","type":"post","link":"https:\/\/www.obispado-mdp.org.ar\/a\/evangelio-segun-san-lucas-21-14-2\/","title":{"rendered":"Evangelio seg\u00fan San\u00a0Lucas\u00a02,1-14"},"content":{"rendered":"\n<p>En aquella \u00e9poca apareci\u00f3 un decreto del emperador Augusto, ordenando que se realizara un censo en todo el mundo.<br>Este primer censo tuvo lugar cuando Quirino gobernaba la Siria.<br>Y cada uno iba a inscribirse a su ciudad de origen.<br>Jos\u00e9, que pertenec\u00eda a la familia de David, sali\u00f3 de Nazaret, ciudad de Galilea, y se dirigi\u00f3 a Bel\u00e9n de Judea, la ciudad de David,<br>para inscribirse con Mar\u00eda, su esposa, que estaba embarazada.<br>Mientras se encontraban en Bel\u00e9n, le lleg\u00f3 el tiempo de ser madre;<br>y Mar\u00eda dio a luz a su Hijo primog\u00e9nito, lo envolvi\u00f3 en pa\u00f1ales y lo acost\u00f3 en un pesebre, porque no hab\u00eda lugar para ellos en el albergue.<br>En esa regi\u00f3n acampaban unos pastores, que vigilaban por turno sus reba\u00f1os durante la noche.<br>De pronto, se les apareci\u00f3 el Angel del Se\u00f1or y la gloria del Se\u00f1or los envolvi\u00f3 con su luz. Ellos sintieron un gran temor,<br>pero el Angel les dijo: \u00abNo teman, porque les traigo una buena noticia, una gran alegr\u00eda para todo el pueblo:<br>Hoy, en la ciudad de David, les ha nacido un Salvador, que es el Mes\u00edas, el Se\u00f1or.<br>Y esto les servir\u00e1 de se\u00f1al: encontrar\u00e1n a un ni\u00f1o reci\u00e9n nacido envuelto en pa\u00f1ales y acostado en un pesebre\u00bb.<br>Y junto con el Angel, apareci\u00f3 de pronto una multitud del ej\u00e9rcito celestial, que alababa a Dios, diciendo:<br>\u00ab\u00a1Gloria a Dios en las alturas, y en la tierra, paz a los hombres amados por \u00e9l!\u00bb.<\/p>\n\n\n\n<p class=\"has-text-align-right\"><em>Extra\u00eddo de la Biblia: Libro del Pueblo de Dios. <\/em><\/p>\n","protected":false},"excerpt":{"rendered":"<p>En aquella \u00e9poca apareci\u00f3 un decreto del emperador Augusto, ordenando que se realizara un censo en todo el mundo.Este primer censo tuvo lugar cuando Quirino gobernaba la Siria.Y cada uno iba a inscribirse a su ciudad de origen.Jos\u00e9, que pertenec\u00eda a la familia de David, sali\u00f3 de Nazaret, ciudad de Galilea, y se dirigi\u00f3 a [&hellip;]<\/p>\n","protected":false},"author":3,"featured_media":31454,"comment_status":"open","ping_status":"closed","sticky":false,"template":"","format":"standard","meta":{"_et_pb_use_builder":"off","_et_pb_old_content":"<!-- wp:paragraph -->\n<p> Al atardecer de ese mismo d\u00eda, el primero de la semana, estando cerradas las puertas del lugar donde se encontraban los disc\u00edpulos, por temor a los jud\u00edos, lleg\u00f3 Jes\u00fas y poni\u00e9ndose en medio de ellos, les dijo: \"\u00a1La paz est\u00e9 con ustedes!\".<br>Mientras dec\u00eda esto, les mostr\u00f3 sus manos y su costado. Los disc\u00edpulos se llenaron de alegr\u00eda cuando vieron al Se\u00f1or.<br>Jes\u00fas les dijo de nuevo: \"\u00a1La paz est\u00e9 con ustedes! Como el Padre me envi\u00f3 a m\u00ed, yo tambi\u00e9n los env\u00edo a ustedes\".<br>Al decirles esto, sopl\u00f3 sobre ellos y a\u00f1adi\u00f3: \"Reciban el Esp\u00edritu Santo.<br>Los pecados ser\u00e1n perdonados a los que ustedes se los perdonen, y ser\u00e1n retenidos a los que ustedes se los retengan\". <\/p>\n<!-- \/wp:paragraph -->\n\n<!-- wp:paragraph {\"align\":\"right\"} -->\n<p class=\"has-text-align-right\"><em>Extra\u00eddo de la Biblia: Libro del Pueblo de Dios. <\/em><\/p>\n<!-- \/wp:paragraph -->","_et_gb_content_width":""},"categories":[6],"tags":[],"aioseo_notices":[],"_links":{"self":[{"href":"https:\/\/www.obispado-mdp.org.ar\/a\/wp-json\/wp\/v2\/posts\/38114"}],"collection":[{"href":"https:\/\/www.obispado-mdp.org.ar\/a\/wp-json\/wp\/v2\/posts"}],"about":[{"href":"https:\/\/www.obispado-mdp.org.ar\/a\/wp-json\/wp\/v2\/types\/post"}],"author":[{"embeddable":true,"href":"https:\/\/www.obispado-mdp.org.ar\/a\/wp-json\/wp\/v2\/users\/3"}],"replies":[{"embeddable":true,"href":"https:\/\/www.obispado-mdp.org.ar\/a\/wp-json\/wp\/v2\/comments?post=38114"}],"version-history":[{"count":1,"href":"https:\/\/www.obispado-mdp.org.ar\/a\/wp-json\/wp\/v2\/posts\/38114\/revisions"}],"predecessor-version":[{"id":38115,"href":"https:\/\/www.obispado-mdp.org.ar\/a\/wp-json\/wp\/v2\/posts\/38114\/revisions\/38115"}],"wp:featuredmedia":[{"embeddable":true,"href":"https:\/\/www.obispado-mdp.org.ar\/a\/wp-json\/wp\/v2\/media\/31454"}],"wp:attachment":[{"href":"https:\/\/www.obispado-mdp.org.ar\/a\/wp-json\/wp\/v2\/media?parent=38114"}],"wp:term":[{"taxonomy":"category","embeddable":true,"href":"https:\/\/www.obispado-mdp.org.ar\/a\/wp-json\/wp\/v2\/categories?post=38114"},{"taxonomy":"post_tag","embeddable":true,"href":"https:\/\/www.obispado-mdp.org.ar\/a\/wp-json\/wp\/v2\/tags?post=38114"}],"curies":[{"name":"wp","href":"https:\/\/api.w.org\/{rel}","templated":true}]}}