{"id":38144,"date":"2023-01-06T18:30:00","date_gmt":"2023-01-06T21:30:00","guid":{"rendered":"https:\/\/www.obispado-mdp.org.ar\/a\/?p=38144"},"modified":"2022-11-06T10:11:29","modified_gmt":"2022-11-06T13:11:29","slug":"evangelio-segun-san-mateo-412-17-23-25-2","status":"publish","type":"post","link":"https:\/\/www.obispado-mdp.org.ar\/a\/evangelio-segun-san-mateo-412-17-23-25-2\/","title":{"rendered":"Evangelio seg\u00fan San\u00a0Mateo\u00a04,12-17.23-25"},"content":{"rendered":"\n<p>Cuando Jes\u00fas se enter\u00f3 de que Juan hab\u00eda sido arrestado, se retir\u00f3 a Galilea.<br>Y, dejando Nazaret, se estableci\u00f3 en Cafarna\u00fan, a orillas del lago, en los confines de Zabul\u00f3n y Neftal\u00ed,<br>para que se cumpliera lo que hab\u00eda sido anunciado por el profeta Isa\u00edas:<br>\u00a1Tierra de Zabul\u00f3n, tierra de Neftal\u00ed, camino del mar, pa\u00eds de la Transjordania, Galilea de las naciones!<br>El pueblo que se hallaba en tinieblas vio una gran luz; sobre los que viv\u00edan en las oscuras regiones de la muerte, se levant\u00f3 una luz.<br>A partir de ese momento, Jes\u00fas comenz\u00f3 a proclamar: \u00abConvi\u00e9rtanse, porque el Reino de los Cielos est\u00e1 cerca\u00bb.<br>Jes\u00fas recorr\u00eda toda la Galilea, ense\u00f1ando en las sinagogas, proclamando la Buena Noticia del Reino y curando todas las enfermedades y dolencias de la gente.<br>Su fama se extendi\u00f3 por toda la Siria, y le llevaban a todos los enfermos, afligidos por diversas enfermedades y sufrimientos: endemoniados, epil\u00e9pticos y paral\u00edticos, y \u00e9l los curaba.<br>Lo segu\u00edan grandes multitudes que llegaban de Galilea, de la Dec\u00e1polis, de Jerusal\u00e9n, de Judea y de la Transjordania.<\/p>\n\n\n\n<p class=\"has-text-align-right\"><em>Extra\u00eddo de la Biblia: Libro del Pueblo de Dios. <\/em><\/p>\n","protected":false},"excerpt":{"rendered":"<p>Cuando Jes\u00fas se enter\u00f3 de que Juan hab\u00eda sido arrestado, se retir\u00f3 a Galilea.Y, dejando Nazaret, se estableci\u00f3 en Cafarna\u00fan, a orillas del lago, en los confines de Zabul\u00f3n y Neftal\u00ed,para que se cumpliera lo que hab\u00eda sido anunciado por el profeta Isa\u00edas:\u00a1Tierra de Zabul\u00f3n, tierra de Neftal\u00ed, camino del mar, pa\u00eds de la Transjordania, [&hellip;]<\/p>\n","protected":false},"author":3,"featured_media":31454,"comment_status":"open","ping_status":"closed","sticky":false,"template":"","format":"standard","meta":{"_et_pb_use_builder":"off","_et_pb_old_content":"<!-- wp:paragraph -->\n<p> Al atardecer de ese mismo d\u00eda, el primero de la semana, estando cerradas las puertas del lugar donde se encontraban los disc\u00edpulos, por temor a los jud\u00edos, lleg\u00f3 Jes\u00fas y poni\u00e9ndose en medio de ellos, les dijo: \"\u00a1La paz est\u00e9 con ustedes!\".<br>Mientras dec\u00eda esto, les mostr\u00f3 sus manos y su costado. Los disc\u00edpulos se llenaron de alegr\u00eda cuando vieron al Se\u00f1or.<br>Jes\u00fas les dijo de nuevo: \"\u00a1La paz est\u00e9 con ustedes! Como el Padre me envi\u00f3 a m\u00ed, yo tambi\u00e9n los env\u00edo a ustedes\".<br>Al decirles esto, sopl\u00f3 sobre ellos y a\u00f1adi\u00f3: \"Reciban el Esp\u00edritu Santo.<br>Los pecados ser\u00e1n perdonados a los que ustedes se los perdonen, y ser\u00e1n retenidos a los que ustedes se los retengan\". <\/p>\n<!-- \/wp:paragraph -->\n\n<!-- wp:paragraph {\"align\":\"right\"} -->\n<p class=\"has-text-align-right\"><em>Extra\u00eddo de la Biblia: Libro del Pueblo de Dios. <\/em><\/p>\n<!-- \/wp:paragraph -->","_et_gb_content_width":""},"categories":[6],"tags":[],"aioseo_notices":[],"_links":{"self":[{"href":"https:\/\/www.obispado-mdp.org.ar\/a\/wp-json\/wp\/v2\/posts\/38144"}],"collection":[{"href":"https:\/\/www.obispado-mdp.org.ar\/a\/wp-json\/wp\/v2\/posts"}],"about":[{"href":"https:\/\/www.obispado-mdp.org.ar\/a\/wp-json\/wp\/v2\/types\/post"}],"author":[{"embeddable":true,"href":"https:\/\/www.obispado-mdp.org.ar\/a\/wp-json\/wp\/v2\/users\/3"}],"replies":[{"embeddable":true,"href":"https:\/\/www.obispado-mdp.org.ar\/a\/wp-json\/wp\/v2\/comments?post=38144"}],"version-history":[{"count":1,"href":"https:\/\/www.obispado-mdp.org.ar\/a\/wp-json\/wp\/v2\/posts\/38144\/revisions"}],"predecessor-version":[{"id":38145,"href":"https:\/\/www.obispado-mdp.org.ar\/a\/wp-json\/wp\/v2\/posts\/38144\/revisions\/38145"}],"wp:featuredmedia":[{"embeddable":true,"href":"https:\/\/www.obispado-mdp.org.ar\/a\/wp-json\/wp\/v2\/media\/31454"}],"wp:attachment":[{"href":"https:\/\/www.obispado-mdp.org.ar\/a\/wp-json\/wp\/v2\/media?parent=38144"}],"wp:term":[{"taxonomy":"category","embeddable":true,"href":"https:\/\/www.obispado-mdp.org.ar\/a\/wp-json\/wp\/v2\/categories?post=38144"},{"taxonomy":"post_tag","embeddable":true,"href":"https:\/\/www.obispado-mdp.org.ar\/a\/wp-json\/wp\/v2\/tags?post=38144"}],"curies":[{"name":"wp","href":"https:\/\/api.w.org\/{rel}","templated":true}]}}