{"id":38355,"date":"2022-11-26T09:24:22","date_gmt":"2022-11-26T12:24:22","guid":{"rendered":"https:\/\/www.obispado-mdp.org.ar\/a\/?p=38355"},"modified":"2022-11-26T09:24:54","modified_gmt":"2022-11-26T12:24:54","slug":"los-jovenes-se-preparan-para-la-marcha-de-la-esperanza","status":"publish","type":"post","link":"https:\/\/www.obispado-mdp.org.ar\/a\/los-jovenes-se-preparan-para-la-marcha-de-la-esperanza\/","title":{"rendered":"LOS J\u00d3VENES SE PREPARAN PARA LA MARCHA DE LA ESPERANZA."},"content":{"rendered":"\n<p class=\"has-pale-cyan-blue-background-color has-background\">         <strong>Los j\u00f3venes de la Comunidad Educativa Huinc\u00f3 Monse\u00f1or E. Rau, y del colegio San Antonio est\u00e1n haciendo preparativos para sumarse a la 49 Marcha de la Esperanza junto a los estudiantes de otros colegios de la ciudad.<\/strong><\/p>\n\n\n\n<p><strong>Sumate vos tambi\u00e9n!!!<\/strong><\/p>\n\n\n\n<figure class=\"wp-container-2 wp-block-gallery-1 wp-block-gallery has-nested-images columns-default is-cropped\">\n<figure class=\"wp-block-image size-large\"><img loading=\"lazy\" width=\"1024\" height=\"576\" data-id=\"38360\"  src=\"https:\/\/www.obispado-mdp.org.ar\/a\/wp-content\/uploads\/2022\/11\/0c1c747b-9f7e-4c93-8029-57ff367aea76-1024x576.jpg\" alt=\"\" class=\"wp-image-38360\"\/><\/figure>\n\n\n\n<figure class=\"wp-block-image size-large\"><img loading=\"lazy\" width=\"1024\" height=\"576\" data-id=\"38358\"  src=\"https:\/\/www.obispado-mdp.org.ar\/a\/wp-content\/uploads\/2022\/11\/d1e32e18-5df2-4cbf-b02f-657cbd8688a9-1024x576.jpg\" alt=\"\" class=\"wp-image-38358\"\/><\/figure>\n\n\n\n<figure class=\"wp-block-image size-large\"><img loading=\"lazy\" width=\"1024\" height=\"576\" data-id=\"38359\"  src=\"https:\/\/www.obispado-mdp.org.ar\/a\/wp-content\/uploads\/2022\/11\/df8a3d63-0af5-4cbd-a7cf-9bd4b3d79e5e-1024x576.jpg\" alt=\"\" class=\"wp-image-38359\"\/><\/figure>\n\n\n\n<figure class=\"wp-block-image size-large\"><img loading=\"lazy\" width=\"1024\" height=\"576\" data-id=\"38356\"  src=\"https:\/\/www.obispado-mdp.org.ar\/a\/wp-content\/uploads\/2022\/11\/e42ec24a-8b96-4642-8056-1c8db9a1b348-1024x576.jpg\" alt=\"\" class=\"wp-image-38356\"\/><\/figure>\n\n\n\n<figure class=\"wp-block-image size-large\"><img loading=\"lazy\" width=\"1024\" height=\"576\" data-id=\"38357\"  src=\"https:\/\/www.obispado-mdp.org.ar\/a\/wp-content\/uploads\/2022\/11\/fd9383fa-4627-487e-a6a8-1f02d1fa8926-1024x576.jpg\" alt=\"\" class=\"wp-image-38357\"\/><\/figure>\n<\/figure>\n\n\n\n<p>Alumnos <strong>del colegio San Antonio est\u00e1n haciendo preparativos para sumarse a la 49 Marcha de la Esperanza<\/strong>!!!<\/p>\n\n\n\n<figure class=\"wp-block-video\"><video controls src=\"https:\/\/www.obispado-mdp.org.ar\/a\/wp-content\/uploads\/2022\/11\/Colegio-Huinca.mp4\"><\/video><\/figure>\n\n\n\n<p>Video de los <strong>j\u00f3venes de la Comunidad Educativa Huinc\u00f3 Monse\u00f1or E. Rau,<\/strong> de Triunvirato 1215 de Mar del Plata<\/p>\n","protected":false},"excerpt":{"rendered":"<p>Los j\u00f3venes de la Comunidad Educativa Huinc\u00f3 Monse\u00f1or E. Rau, y del colegio San Antonio est\u00e1n haciendo preparativos para sumarse a la 49 Marcha de la Esperanza junto a los estudiantes de otros colegios de la ciudad. Sumate vos tambi\u00e9n!!! Alumnos del colegio San Antonio est\u00e1n haciendo preparativos para sumarse a la 49 Marcha de [&hellip;]<\/p>\n","protected":false},"author":4,"featured_media":38362,"comment_status":"open","ping_status":"open","sticky":false,"template":"","format":"standard","meta":{"_et_pb_use_builder":"","_et_pb_old_content":"","_et_gb_content_width":""},"categories":[4,7],"tags":[],"aioseo_notices":[],"_links":{"self":[{"href":"https:\/\/www.obispado-mdp.org.ar\/a\/wp-json\/wp\/v2\/posts\/38355"}],"collection":[{"href":"https:\/\/www.obispado-mdp.org.ar\/a\/wp-json\/wp\/v2\/posts"}],"about":[{"href":"https:\/\/www.obispado-mdp.org.ar\/a\/wp-json\/wp\/v2\/types\/post"}],"author":[{"embeddable":true,"href":"https:\/\/www.obispado-mdp.org.ar\/a\/wp-json\/wp\/v2\/users\/4"}],"replies":[{"embeddable":true,"href":"https:\/\/www.obispado-mdp.org.ar\/a\/wp-json\/wp\/v2\/comments?post=38355"}],"version-history":[{"count":2,"href":"https:\/\/www.obispado-mdp.org.ar\/a\/wp-json\/wp\/v2\/posts\/38355\/revisions"}],"predecessor-version":[{"id":38364,"href":"https:\/\/www.obispado-mdp.org.ar\/a\/wp-json\/wp\/v2\/posts\/38355\/revisions\/38364"}],"wp:featuredmedia":[{"embeddable":true,"href":"https:\/\/www.obispado-mdp.org.ar\/a\/wp-json\/wp\/v2\/media\/38362"}],"wp:attachment":[{"href":"https:\/\/www.obispado-mdp.org.ar\/a\/wp-json\/wp\/v2\/media?parent=38355"}],"wp:term":[{"taxonomy":"category","embeddable":true,"href":"https:\/\/www.obispado-mdp.org.ar\/a\/wp-json\/wp\/v2\/categories?post=38355"},{"taxonomy":"post_tag","embeddable":true,"href":"https:\/\/www.obispado-mdp.org.ar\/a\/wp-json\/wp\/v2\/tags?post=38355"}],"curies":[{"name":"wp","href":"https:\/\/api.w.org\/{rel}","templated":true}]}}