{"id":38659,"date":"2022-12-27T07:42:47","date_gmt":"2022-12-27T10:42:47","guid":{"rendered":"https:\/\/www.obispado-mdp.org.ar\/a\/?p=38659"},"modified":"2022-12-27T07:44:01","modified_gmt":"2022-12-27T10:44:01","slug":"el-templo-de-la-asuncion-cumple-80-anos","status":"publish","type":"post","link":"https:\/\/www.obispado-mdp.org.ar\/a\/el-templo-de-la-asuncion-cumple-80-anos\/","title":{"rendered":"EL TEMPLO DE LA ASUNCI\u00d3N CUMPLE 80 A\u00d1OS."},"content":{"rendered":"\n<p class=\"has-pale-cyan-blue-background-color has-background\"><strong>La comunidad de la parroquia de la Asunci\u00f3n de la Sant\u00edsima Virgen este jueves celebra con mucha alegr\u00eda los 80 de la construcci\u00f3n de su templo, presencia y testimonio en el barrio en la manzana del hospital de Ni\u00f1os de Mar del Plata.<\/strong><\/p>\n\n\n\n<p><strong>La misa ser\u00e1 presidida por el padre obispo Gabriel este jueves a las 19hs.<\/strong><\/p>\n\n\n\n<p class=\"has-medium-font-size\"><strong>Historia de la Parroquia<\/strong><\/p>\n\n\n\n<p>La Capilla del Sagrado Coraz\u00f3n de Jes\u00fas del Hospital Mar del Plata fue inaugurada el 29 de diciembre de 1942, era custodiado por las Hermanas de los pobres de Santa Catalina de Siena desde el 20 de agosto de 1929. &nbsp;En su inauguraci\u00f3n fue designado capell\u00e1n del Hospital el P. Manuel Lajusticia Bueno. Este sacerdote espa\u00f1ol, oriundo de Arag\u00f3n, a\u00fan es recordado hoy con cari\u00f1o y admiraci\u00f3n por varios feligreses.<\/p>\n\n\n\n<p>Desde el 1 de agosto de 1965 y hasta nuestros d\u00edas, los P\u00e1rrocos son adem\u00e1s Capellanes del Hospital.<\/p>\n\n\n\n<p>Creaci\u00f3n de la Parroquia la Asunci\u00f3n<\/p>\n\n\n\n<p>El 29 de enero de 1959 por el Decreto no 48 (tomo I del Libro de Decretos, Folio 74) el Se\u00f1or Obispo de Mar del Plata, Mons. Dr. Enrique Rau, despu\u00e9s de un detenido estudio reform\u00f3 la divisi\u00f3n del territorio eclesi\u00e1stico en el orden parroquial y dispuso la creaci\u00f3n de la Parroquia de la Asunci\u00f3n de la Sant\u00edsima Virgen.<\/p>\n\n\n\n<p>El decreto de creaci\u00f3n, firmado por el obispo Rau dice: \u201cEl intenso ritmo de crecimiento que tiene la ciudad, nos obliga tambi\u00e9n a multiplicar los focos de acci\u00f3n pastoral. La zona del Hospital \u201cMar del Plata\u201d, tal vez, la que lleva el ritmo m\u00e1s acelerado, casi totalmente poblada durante el a\u00f1o y desbordante de poblaci\u00f3n en la temporada veraniega, hace necesario una Parroquia. Nos pesar\u00eda gravemente la conciencia, si dej\u00e1ramos pasar m\u00e1s tiempo y permiti\u00e9ramos que la ciudad se edificara a Nuestras espaldas\u201d.<\/p>\n\n\n\n<p>Mons. Rau design\u00f3 primer p\u00e1rroco al Pbro. Luis Jos\u00e9 Guti\u00e9rrez que se desempe\u00f1aba como Canciller y Secretario General del Obispado.<\/p>\n\n\n\n<p>El Padre Gutierrez tuvo el privilegio, otorgado por el Se\u00f1or Obispo, de elegir el nombre de la nueva Parroquia.<\/p>\n\n\n\n<p>Las Hermanas de los pobres de Santa Catalina de Siena ven\u00edan atendiendo desde el 20 de agosto de 1929 el Hospital y adem\u00e1s desde el 29 de diciembre de 1942 tambi\u00e9n la Capilla del Sagrado Coraz\u00f3n de Jes\u00fas. Al crearse la Parroquia continuaron prestando tan valiosos servicios y colaborando con el Padre Guti\u00e9rrez.<\/p>\n\n\n\n<p class=\"has-medium-font-size\"><strong>El estilo de construcci\u00f3n de la parroquia<\/strong><\/p>\n\n\n\n<p>El edificio fue inaugurado el 29 de diciembre de 1942 y es de estilo californiano. Un estilo colonial simplificado que fue muy usado como est\u00e9tica dominante del urbanismo a partir de los a\u00f1os \u201920 y que se prolong\u00f3 hasta los \u201850. Es una variante de las vertientes neocoloniales, donde se caracteriza la fachada como reproducci\u00f3n del pasado colonial e hisp\u00e1nico.<\/p>\n\n\n\n<p>El colonial, hispano o californiano -muchas veces empleado como sin\u00f3nimos aunque existan algunas diferencias entre ellos-, iba muy de acuerdo con los valores que sosten\u00edan los urbanistas tradicionales: una visi\u00f3n cat\u00f3lica sobre la ciudad, su organizaci\u00f3n social y concepci\u00f3n de la familia; por esto se inclinaron hacia una arquitectura hispanizante que respaldara estos valores.<\/p>\n\n\n\n<p>Extra\u00eddo del texto de Texto: Prof. Norma Cisilino. Disponible en <a href=\"https:\/\/drive.google.com\/file\/d\/1lHOw_6ra8aps3Js1JT0H7CDMB7K4KnSF\/view\">https:\/\/drive.google.com\/file\/d\/1lHOw_6ra8aps3Js1JT0H7CDMB7K4KnSF\/view<\/a><\/p>\n\n\n\n<figure class=\"wp-container-2 wp-block-gallery-1 wp-block-gallery has-nested-images columns-default is-cropped\">\n<figure class=\"wp-block-image size-large\"><img loading=\"lazy\" width=\"731\" height=\"1024\" data-id=\"38661\"  src=\"https:\/\/www.obispado-mdp.org.ar\/a\/wp-content\/uploads\/2022\/12\/parroquia-de-la-asuncion-de-la-santisima-virgen-mar-del-plata4-731x1024.jpg\" alt=\"\" class=\"wp-image-38661\"\/><\/figure>\n<\/figure>\n\n\n\n<figure class=\"wp-block-image\"><img alt=\"\"\/><\/figure>\n","protected":false},"excerpt":{"rendered":"<p>La comunidad de la parroquia de la Asunci\u00f3n de la Sant\u00edsima Virgen este jueves celebra con mucha alegr\u00eda los 80 de la construcci\u00f3n de su templo, presencia y testimonio en el barrio en la manzana del hospital de Ni\u00f1os de Mar del Plata. La misa ser\u00e1 presidida por el padre obispo Gabriel este jueves a [&hellip;]<\/p>\n","protected":false},"author":4,"featured_media":38662,"comment_status":"open","ping_status":"open","sticky":false,"template":"","format":"standard","meta":{"_et_pb_use_builder":"","_et_pb_old_content":"","_et_gb_content_width":""},"categories":[4],"tags":[],"aioseo_notices":[],"_links":{"self":[{"href":"https:\/\/www.obispado-mdp.org.ar\/a\/wp-json\/wp\/v2\/posts\/38659"}],"collection":[{"href":"https:\/\/www.obispado-mdp.org.ar\/a\/wp-json\/wp\/v2\/posts"}],"about":[{"href":"https:\/\/www.obispado-mdp.org.ar\/a\/wp-json\/wp\/v2\/types\/post"}],"author":[{"embeddable":true,"href":"https:\/\/www.obispado-mdp.org.ar\/a\/wp-json\/wp\/v2\/users\/4"}],"replies":[{"embeddable":true,"href":"https:\/\/www.obispado-mdp.org.ar\/a\/wp-json\/wp\/v2\/comments?post=38659"}],"version-history":[{"count":2,"href":"https:\/\/www.obispado-mdp.org.ar\/a\/wp-json\/wp\/v2\/posts\/38659\/revisions"}],"predecessor-version":[{"id":38664,"href":"https:\/\/www.obispado-mdp.org.ar\/a\/wp-json\/wp\/v2\/posts\/38659\/revisions\/38664"}],"wp:featuredmedia":[{"embeddable":true,"href":"https:\/\/www.obispado-mdp.org.ar\/a\/wp-json\/wp\/v2\/media\/38662"}],"wp:attachment":[{"href":"https:\/\/www.obispado-mdp.org.ar\/a\/wp-json\/wp\/v2\/media?parent=38659"}],"wp:term":[{"taxonomy":"category","embeddable":true,"href":"https:\/\/www.obispado-mdp.org.ar\/a\/wp-json\/wp\/v2\/categories?post=38659"},{"taxonomy":"post_tag","embeddable":true,"href":"https:\/\/www.obispado-mdp.org.ar\/a\/wp-json\/wp\/v2\/tags?post=38659"}],"curies":[{"name":"wp","href":"https:\/\/api.w.org\/{rel}","templated":true}]}}