{"id":38814,"date":"2023-02-16T18:30:00","date_gmt":"2023-02-16T21:30:00","guid":{"rendered":"https:\/\/www.obispado-mdp.org.ar\/a\/?p=38814"},"modified":"2023-01-08T12:29:17","modified_gmt":"2023-01-08T15:29:17","slug":"evangelio-segun-san-marcos-834-38-91-2","status":"publish","type":"post","link":"https:\/\/www.obispado-mdp.org.ar\/a\/evangelio-segun-san-marcos-834-38-91-2\/","title":{"rendered":"Evangelio seg\u00fan San\u00a0Marcos\u00a08,34-38.9,1."},"content":{"rendered":"\n<p>Jes\u00fas, llamando a la multitud, junto con sus disc\u00edpulos, les dijo: \u00abEl que quiera venir detr\u00e1s de m\u00ed, que renuncie a s\u00ed mismo, que cargue con su cruz y me siga.<br>Porque el que quiera salvar su vida, la perder\u00e1; y el que pierda su vida por m\u00ed y por la Buena Noticia, la salvar\u00e1.<br>\u00bfDe qu\u00e9 le servir\u00e1 al hombre ganar el mundo entero, si pierde su vida?<br>\u00bfY qu\u00e9 podr\u00e1 dar el hombre a cambio de su vida?<br>Porque si alguien se averg\u00fcenza de m\u00ed y de mis palabras en esta generaci\u00f3n ad\u00faltera y pecadora, tambi\u00e9n el Hijo del hombre se avergonzar\u00e1 de \u00e9l cuando venga en la gloria de su Padre con sus santos \u00e1ngeles\u00bb.<br>Y les dec\u00eda: \u00abLes aseguro que algunos de los que est\u00e1n aqu\u00ed presentes no morir\u00e1n antes de haber visto que el Reino de Dios ha llegado con poder\u00bb.<\/p>\n\n\n\n<p class=\"has-text-align-right\"><em>Extra\u00eddo de la Biblia: Libro del Pueblo de Dios. <\/em><\/p>\n","protected":false},"excerpt":{"rendered":"<p>Jes\u00fas, llamando a la multitud, junto con sus disc\u00edpulos, les dijo: \u00abEl que quiera venir detr\u00e1s de m\u00ed, que renuncie a s\u00ed mismo, que cargue con su cruz y me siga.Porque el que quiera salvar su vida, la perder\u00e1; y el que pierda su vida por m\u00ed y por la Buena Noticia, la salvar\u00e1.\u00bfDe qu\u00e9 [&hellip;]<\/p>\n","protected":false},"author":3,"featured_media":31455,"comment_status":"open","ping_status":"closed","sticky":false,"template":"","format":"standard","meta":{"_et_pb_use_builder":"off","_et_pb_old_content":"<!-- wp:paragraph -->\n<p> Al atardecer de ese mismo d\u00eda, el primero de la semana, estando cerradas las puertas del lugar donde se encontraban los disc\u00edpulos, por temor a los jud\u00edos, lleg\u00f3 Jes\u00fas y poni\u00e9ndose en medio de ellos, les dijo: \"\u00a1La paz est\u00e9 con ustedes!\".<br>Mientras dec\u00eda esto, les mostr\u00f3 sus manos y su costado. Los disc\u00edpulos se llenaron de alegr\u00eda cuando vieron al Se\u00f1or.<br>Jes\u00fas les dijo de nuevo: \"\u00a1La paz est\u00e9 con ustedes! Como el Padre me envi\u00f3 a m\u00ed, yo tambi\u00e9n los env\u00edo a ustedes\".<br>Al decirles esto, sopl\u00f3 sobre ellos y a\u00f1adi\u00f3: \"Reciban el Esp\u00edritu Santo.<br>Los pecados ser\u00e1n perdonados a los que ustedes se los perdonen, y ser\u00e1n retenidos a los que ustedes se los retengan\". <\/p>\n<!-- \/wp:paragraph -->\n\n<!-- wp:paragraph {\"align\":\"right\"} -->\n<p class=\"has-text-align-right\"><em>Extra\u00eddo de la Biblia: Libro del Pueblo de Dios. <\/em><\/p>\n<!-- \/wp:paragraph -->","_et_gb_content_width":""},"categories":[6],"tags":[],"aioseo_notices":[],"_links":{"self":[{"href":"https:\/\/www.obispado-mdp.org.ar\/a\/wp-json\/wp\/v2\/posts\/38814"}],"collection":[{"href":"https:\/\/www.obispado-mdp.org.ar\/a\/wp-json\/wp\/v2\/posts"}],"about":[{"href":"https:\/\/www.obispado-mdp.org.ar\/a\/wp-json\/wp\/v2\/types\/post"}],"author":[{"embeddable":true,"href":"https:\/\/www.obispado-mdp.org.ar\/a\/wp-json\/wp\/v2\/users\/3"}],"replies":[{"embeddable":true,"href":"https:\/\/www.obispado-mdp.org.ar\/a\/wp-json\/wp\/v2\/comments?post=38814"}],"version-history":[{"count":1,"href":"https:\/\/www.obispado-mdp.org.ar\/a\/wp-json\/wp\/v2\/posts\/38814\/revisions"}],"predecessor-version":[{"id":38815,"href":"https:\/\/www.obispado-mdp.org.ar\/a\/wp-json\/wp\/v2\/posts\/38814\/revisions\/38815"}],"wp:featuredmedia":[{"embeddable":true,"href":"https:\/\/www.obispado-mdp.org.ar\/a\/wp-json\/wp\/v2\/media\/31455"}],"wp:attachment":[{"href":"https:\/\/www.obispado-mdp.org.ar\/a\/wp-json\/wp\/v2\/media?parent=38814"}],"wp:term":[{"taxonomy":"category","embeddable":true,"href":"https:\/\/www.obispado-mdp.org.ar\/a\/wp-json\/wp\/v2\/categories?post=38814"},{"taxonomy":"post_tag","embeddable":true,"href":"https:\/\/www.obispado-mdp.org.ar\/a\/wp-json\/wp\/v2\/tags?post=38814"}],"curies":[{"name":"wp","href":"https:\/\/api.w.org\/{rel}","templated":true}]}}