{"id":38818,"date":"2023-02-18T18:30:00","date_gmt":"2023-02-18T21:30:00","guid":{"rendered":"https:\/\/www.obispado-mdp.org.ar\/a\/?p=38818"},"modified":"2023-01-08T12:31:55","modified_gmt":"2023-01-08T15:31:55","slug":"evangelio-segun-san-juan-91-41","status":"publish","type":"post","link":"https:\/\/www.obispado-mdp.org.ar\/a\/evangelio-segun-san-juan-91-41\/","title":{"rendered":"Evangelio seg\u00fan San\u00a0Juan\u00a09,1-41."},"content":{"rendered":"\n<p>Jes\u00fas, al pasar, vio a un hombre ciego de nacimiento.<br>Sus disc\u00edpulos le preguntaron: \u00abMaestro, \u00bfqui\u00e9n ha pecado, \u00e9l o sus padres, para que haya nacido ciego?\u00bb.<br>\u00abNi \u00e9l ni sus padres han pecado, respondi\u00f3 Jes\u00fas; naci\u00f3 as\u00ed para que se manifiesten en \u00e9l las obras de Dios.<br>Debemos trabajar en las obras de aquel que me envi\u00f3, mientras es de d\u00eda; llega la noche, cuando nadie puede trabajar.<br>Mientras estoy en el mundo, soy la luz del mundo\u00bb.<br>Despu\u00e9s que dijo esto, escupi\u00f3 en la tierra, hizo barro con la saliva y lo puso sobre los ojos del ciego,<br>dici\u00e9ndole: \u00abVe a lavarte a la piscina de Silo\u00e9\u00bb, que significa \u00abEnviado\u00bb. El ciego fue, se lav\u00f3 y, al regresar, ya ve\u00eda.<br>Los vecinos y los que antes lo hab\u00edan visto mendigar, se preguntaban: \u00ab\u00bfNo es este el que se sentaba a pedir limosna?\u00bb.<br>Unos opinaban: \u00abEs el mismo\u00bb. \u00abNo, respond\u00edan otros, es uno que se le parece\u00bb. El dec\u00eda: \u00abSoy realmente yo\u00bb.<br>Ellos le dijeron: \u00ab\u00bfC\u00f3mo se te han abierto los ojos?\u00bb.<br>El respondi\u00f3: \u00abEse hombre que se llama Jes\u00fas hizo barro, lo puso sobre mis ojos y me dijo: &#8216;Ve a lavarte a Silo\u00e9&#8217;. Yo fui, me lav\u00e9 y vi\u00bb.<br>Ellos le preguntaron: \u00ab\u00bfD\u00f3nde est\u00e1?\u00bb. El respondi\u00f3: \u00abNo lo s\u00e9\u00bb.<br>El que hab\u00eda sido ciego fue llevado ante los fariseos.<br>Era s\u00e1bado cuando Jes\u00fas hizo barro y le abri\u00f3 los ojos.<br>Los fariseos, a su vez, le preguntaron c\u00f3mo hab\u00eda llegado a ver. El les respondi\u00f3: \u00abMe puso barro sobre los ojos, me lav\u00e9 y veo\u00bb.<br>Algunos fariseos dec\u00edan: \u00abEse hombre no viene de Dios, porque no observa el s\u00e1bado\u00bb. Otros replicaban: \u00ab\u00bfC\u00f3mo un pecador puede hacer semejantes signos?\u00bb. Y se produjo una divisi\u00f3n entre ellos.<br>Entonces dijeron nuevamente al ciego: \u00abY t\u00fa, \u00bfqu\u00e9 dices del que te abri\u00f3 los ojos?\u00bb. El hombre respondi\u00f3: \u00abEs un profeta\u00bb.<br>Sin embargo, los jud\u00edos no quer\u00edan creer que ese hombre hab\u00eda sido ciego y que hab\u00eda llegado a ver, hasta que llamaron a sus padres<br>y les preguntaron: \u00ab\u00bfEs este el hijo de ustedes, el que dicen que naci\u00f3 ciego? \u00bfC\u00f3mo es que ahora ve?\u00bb.<br>Sus padres respondieron: \u00abSabemos que es nuestro hijo y que naci\u00f3 ciego,<br>pero c\u00f3mo es que ahora ve y qui\u00e9n le abri\u00f3 los ojos, no lo sabemos. Preg\u00fantenle a \u00e9l: tiene edad para responder por su cuenta\u00bb.<br>Sus padres dijeron esto por temor a los jud\u00edos, que ya se hab\u00edan puesto de acuerdo para excluir de la sinagoga al que reconociera a Jes\u00fas como Mes\u00edas.<br>Por esta raz\u00f3n dijeron: \u00abTiene bastante edad, preg\u00fantenle a \u00e9l\u00bb.<br>Los jud\u00edos llamaron por segunda vez al que hab\u00eda sido ciego y le dijeron: \u00abGlorifica a Dios. Nosotros sabemos que ese hombre es un pecador\u00bb.<br>\u00abYo no s\u00e9 si es un pecador, respondi\u00f3; lo que s\u00e9 es que antes yo era ciego y ahora veo\u00bb.<br>Ellos le preguntaron: \u00ab\u00bfQu\u00e9 te ha hecho? \u00bfC\u00f3mo te abri\u00f3 los ojos?\u00bb.<br>El les respondi\u00f3: \u00abYa se lo dije y ustedes no me han escuchado. \u00bfPor qu\u00e9 quieren o\u00edrlo de nuevo? \u00bfTambi\u00e9n ustedes quieren hacerse disc\u00edpulos suyos?\u00bb.<br>Ellos lo injuriaron y le dijeron: \u00ab\u00a1T\u00fa ser\u00e1s disc\u00edpulo de ese hombre; nosotros somos disc\u00edpulos de Mois\u00e9s!<br>Sabemos que Dios habl\u00f3 a Mois\u00e9s, pero no sabemos de donde es este\u00bb.<br>El hombre les respondi\u00f3: \u00abEsto es lo asombroso: que ustedes no sepan de d\u00f3nde es, a pesar de que me ha abierto los ojos.<br>Sabemos que Dios no escucha a los pecadores, pero s\u00ed al que lo honra y cumple su voluntad.<br>Nunca se oy\u00f3 decir que alguien haya abierto los ojos a un ciego de nacimiento.<br>Si este hombre no viniera de Dios, no podr\u00eda hacer nada\u00bb.<br>Ellos le respondieron: \u00abT\u00fa naciste lleno de pecado, y \u00bfquieres darnos lecciones?\u00bb. Y lo echaron.<br>Jes\u00fas se enter\u00f3 de que lo hab\u00edan echado y, al encontrarlo, le pregunt\u00f3: \u00ab\u00bfCrees en el Hijo del hombre?\u00bb.<br>El respondi\u00f3: \u00ab\u00bfQui\u00e9n es, Se\u00f1or, para que crea en \u00e9l?\u00bb.<br>Jes\u00fas le dijo: \u00abT\u00fa lo has visto: es el que te est\u00e1 hablando\u00bb.<br>Entonces \u00e9l exclam\u00f3: \u00abCreo, Se\u00f1or\u00bb, y se postr\u00f3 ante \u00e9l.<br>Despu\u00e9s Jes\u00fas agreg\u00f3: \u00abHe venido a este mundo para un juicio: Para que vean los que no ven y queden ciegos los que ven\u00bb.<br>Los fariseos que estaban con \u00e9l oyeron esto y le dijeron: \u00ab\u00bfAcaso tambi\u00e9n nosotros somos ciegos?\u00bb.<br>Jes\u00fas les respondi\u00f3: \u00abSi ustedes fueran ciegos, no tendr\u00edan pecado, pero como dicen: &#8216;Vemos&#8217;, su pecado permanece\u00bb.<\/p>\n\n\n\n<p class=\"has-text-align-right\"><em>Extra\u00eddo de la Biblia: Libro del Pueblo de Dios. <\/em><\/p>\n","protected":false},"excerpt":{"rendered":"<p>Jes\u00fas, al pasar, vio a un hombre ciego de nacimiento.Sus disc\u00edpulos le preguntaron: \u00abMaestro, \u00bfqui\u00e9n ha pecado, \u00e9l o sus padres, para que haya nacido ciego?\u00bb.\u00abNi \u00e9l ni sus padres han pecado, respondi\u00f3 Jes\u00fas; naci\u00f3 as\u00ed para que se manifiesten en \u00e9l las obras de Dios.Debemos trabajar en las obras de aquel que me envi\u00f3, [&hellip;]<\/p>\n","protected":false},"author":3,"featured_media":31456,"comment_status":"open","ping_status":"closed","sticky":false,"template":"","format":"standard","meta":{"_et_pb_use_builder":"off","_et_pb_old_content":"<!-- wp:paragraph -->\n<p> Al atardecer de ese mismo d\u00eda, el primero de la semana, estando cerradas las puertas del lugar donde se encontraban los disc\u00edpulos, por temor a los jud\u00edos, lleg\u00f3 Jes\u00fas y poni\u00e9ndose en medio de ellos, les dijo: \"\u00a1La paz est\u00e9 con ustedes!\".<br>Mientras dec\u00eda esto, les mostr\u00f3 sus manos y su costado. Los disc\u00edpulos se llenaron de alegr\u00eda cuando vieron al Se\u00f1or.<br>Jes\u00fas les dijo de nuevo: \"\u00a1La paz est\u00e9 con ustedes! Como el Padre me envi\u00f3 a m\u00ed, yo tambi\u00e9n los env\u00edo a ustedes\".<br>Al decirles esto, sopl\u00f3 sobre ellos y a\u00f1adi\u00f3: \"Reciban el Esp\u00edritu Santo.<br>Los pecados ser\u00e1n perdonados a los que ustedes se los perdonen, y ser\u00e1n retenidos a los que ustedes se los retengan\". <\/p>\n<!-- \/wp:paragraph -->\n\n<!-- wp:paragraph {\"align\":\"right\"} -->\n<p class=\"has-text-align-right\"><em>Extra\u00eddo de la Biblia: Libro del Pueblo de Dios. <\/em><\/p>\n<!-- \/wp:paragraph -->","_et_gb_content_width":""},"categories":[6],"tags":[],"aioseo_notices":[],"_links":{"self":[{"href":"https:\/\/www.obispado-mdp.org.ar\/a\/wp-json\/wp\/v2\/posts\/38818"}],"collection":[{"href":"https:\/\/www.obispado-mdp.org.ar\/a\/wp-json\/wp\/v2\/posts"}],"about":[{"href":"https:\/\/www.obispado-mdp.org.ar\/a\/wp-json\/wp\/v2\/types\/post"}],"author":[{"embeddable":true,"href":"https:\/\/www.obispado-mdp.org.ar\/a\/wp-json\/wp\/v2\/users\/3"}],"replies":[{"embeddable":true,"href":"https:\/\/www.obispado-mdp.org.ar\/a\/wp-json\/wp\/v2\/comments?post=38818"}],"version-history":[{"count":1,"href":"https:\/\/www.obispado-mdp.org.ar\/a\/wp-json\/wp\/v2\/posts\/38818\/revisions"}],"predecessor-version":[{"id":38819,"href":"https:\/\/www.obispado-mdp.org.ar\/a\/wp-json\/wp\/v2\/posts\/38818\/revisions\/38819"}],"wp:featuredmedia":[{"embeddable":true,"href":"https:\/\/www.obispado-mdp.org.ar\/a\/wp-json\/wp\/v2\/media\/31456"}],"wp:attachment":[{"href":"https:\/\/www.obispado-mdp.org.ar\/a\/wp-json\/wp\/v2\/media?parent=38818"}],"wp:term":[{"taxonomy":"category","embeddable":true,"href":"https:\/\/www.obispado-mdp.org.ar\/a\/wp-json\/wp\/v2\/categories?post=38818"},{"taxonomy":"post_tag","embeddable":true,"href":"https:\/\/www.obispado-mdp.org.ar\/a\/wp-json\/wp\/v2\/tags?post=38818"}],"curies":[{"name":"wp","href":"https:\/\/api.w.org\/{rel}","templated":true}]}}