{"id":38820,"date":"2023-02-19T18:30:00","date_gmt":"2023-02-19T21:30:00","guid":{"rendered":"https:\/\/www.obispado-mdp.org.ar\/a\/?p=38820"},"modified":"2023-01-08T12:33:19","modified_gmt":"2023-01-08T15:33:19","slug":"evangelio-segun-san-marcos-914-29-2","status":"publish","type":"post","link":"https:\/\/www.obispado-mdp.org.ar\/a\/evangelio-segun-san-marcos-914-29-2\/","title":{"rendered":"Evangelio seg\u00fan San\u00a0Marcos\u00a09,14-29."},"content":{"rendered":"\n<p>Cuando volvieron a donde estaban los otros disc\u00edpulos, los encontraron en medio de una gran multitud, discutiendo con algunos escribas.<br>En cuanto la multitud distingui\u00f3 a Jes\u00fas, qued\u00f3 asombrada y corrieron a saludarlo.<br>El les pregunt\u00f3: \u00ab\u00bfSobre qu\u00e9 estaban discutiendo?\u00bb.<br>Uno de ellos le dijo: \u00abMaestro, te he tra\u00eddo a mi hijo, que est\u00e1 pose\u00eddo de un esp\u00edritu mudo.<br>Cuando se apodera de \u00e9l, lo tira al suelo y le hace echar espuma por la boca; entonces le crujen sus dientes y se queda r\u00edgido. Le ped\u00ed a tus disc\u00edpulos que lo expulsaran pero no pudieron\u00bb.<br>\u00abGeneraci\u00f3n incr\u00e9dula, respondi\u00f3 Jes\u00fas, \u00bfhasta cuando estar\u00e9 con ustedes? \u00bfHasta cuando tendr\u00e9 que soportarlos? Tr\u00e1iganmelo\u00bb.<br>Y ellos se lo trajeron. En cuanto vio a Jes\u00fas, el esp\u00edritu sacudi\u00f3 violentamente al ni\u00f1o, que cay\u00f3 al suelo y se revolcaba, echando espuma por la boca.<br>Jes\u00fas le pregunt\u00f3 al padre: \u00ab\u00bfCu\u00e1nto tiempo hace que est\u00e1 as\u00ed?\u00bb. \u00abDesde la infancia, le respondi\u00f3,<br>y a menudo lo hace caer en el fuego o en el agua para matarlo. Si puedes hacer algo, ten piedad de nosotros y ay\u00fadanos\u00bb.<br>\u00ab\u00a1Si puedes&#8230;!\u00bb, respondi\u00f3 Jes\u00fas. \u00abTodo es posible para el que cree\u00bb.<br>Inmediatamente el padre del ni\u00f1o exclam\u00f3: \u00abCreo, ay\u00fadame porque tengo poca fe\u00bb.<br>Al ver que llegaba m\u00e1s gente, Jes\u00fas increp\u00f3 al esp\u00edritu impuro, dici\u00e9ndole: \u00abEsp\u00edritu mudo y sordo, yo te lo ordeno, sal de \u00e9l y no vuelvas m\u00e1s\u00bb.<br>El demonio grit\u00f3, sacudi\u00f3 violentamente al ni\u00f1o y sali\u00f3 de \u00e9l, dej\u00e1ndolo como muerto, tanto que muchos dec\u00edan: \u00abEst\u00e1 muerto\u00bb.<br>Pero Jes\u00fas, tom\u00e1ndolo de la mano, lo levant\u00f3, y el ni\u00f1o se puso de pie.<br>Cuando entr\u00f3 en la casa y quedaron solos, los disc\u00edpulos le preguntaron: \u00ab\u00bfPor qu\u00e9 nosotros no pudimos expulsarlo?\u00bb.<br>El les respondi\u00f3: \u00abEsta clase de demonios se expulsa s\u00f3lo con la oraci\u00f3n\u00bb.<\/p>\n\n\n\n<p class=\"has-text-align-right\"><em>Extra\u00eddo de la Biblia: Libro del Pueblo de Dios. <\/em><\/p>\n","protected":false},"excerpt":{"rendered":"<p>Cuando volvieron a donde estaban los otros disc\u00edpulos, los encontraron en medio de una gran multitud, discutiendo con algunos escribas.En cuanto la multitud distingui\u00f3 a Jes\u00fas, qued\u00f3 asombrada y corrieron a saludarlo.El les pregunt\u00f3: \u00ab\u00bfSobre qu\u00e9 estaban discutiendo?\u00bb.Uno de ellos le dijo: \u00abMaestro, te he tra\u00eddo a mi hijo, que est\u00e1 pose\u00eddo de un esp\u00edritu [&hellip;]<\/p>\n","protected":false},"author":3,"featured_media":31451,"comment_status":"open","ping_status":"closed","sticky":false,"template":"","format":"standard","meta":{"_et_pb_use_builder":"off","_et_pb_old_content":"<!-- wp:paragraph -->\n<p> Al atardecer de ese mismo d\u00eda, el primero de la semana, estando cerradas las puertas del lugar donde se encontraban los disc\u00edpulos, por temor a los jud\u00edos, lleg\u00f3 Jes\u00fas y poni\u00e9ndose en medio de ellos, les dijo: \"\u00a1La paz est\u00e9 con ustedes!\".<br>Mientras dec\u00eda esto, les mostr\u00f3 sus manos y su costado. Los disc\u00edpulos se llenaron de alegr\u00eda cuando vieron al Se\u00f1or.<br>Jes\u00fas les dijo de nuevo: \"\u00a1La paz est\u00e9 con ustedes! Como el Padre me envi\u00f3 a m\u00ed, yo tambi\u00e9n los env\u00edo a ustedes\".<br>Al decirles esto, sopl\u00f3 sobre ellos y a\u00f1adi\u00f3: \"Reciban el Esp\u00edritu Santo.<br>Los pecados ser\u00e1n perdonados a los que ustedes se los perdonen, y ser\u00e1n retenidos a los que ustedes se los retengan\". <\/p>\n<!-- \/wp:paragraph -->\n\n<!-- wp:paragraph {\"align\":\"right\"} -->\n<p class=\"has-text-align-right\"><em>Extra\u00eddo de la Biblia: Libro del Pueblo de Dios. <\/em><\/p>\n<!-- \/wp:paragraph -->","_et_gb_content_width":""},"categories":[6],"tags":[],"aioseo_notices":[],"_links":{"self":[{"href":"https:\/\/www.obispado-mdp.org.ar\/a\/wp-json\/wp\/v2\/posts\/38820"}],"collection":[{"href":"https:\/\/www.obispado-mdp.org.ar\/a\/wp-json\/wp\/v2\/posts"}],"about":[{"href":"https:\/\/www.obispado-mdp.org.ar\/a\/wp-json\/wp\/v2\/types\/post"}],"author":[{"embeddable":true,"href":"https:\/\/www.obispado-mdp.org.ar\/a\/wp-json\/wp\/v2\/users\/3"}],"replies":[{"embeddable":true,"href":"https:\/\/www.obispado-mdp.org.ar\/a\/wp-json\/wp\/v2\/comments?post=38820"}],"version-history":[{"count":1,"href":"https:\/\/www.obispado-mdp.org.ar\/a\/wp-json\/wp\/v2\/posts\/38820\/revisions"}],"predecessor-version":[{"id":38821,"href":"https:\/\/www.obispado-mdp.org.ar\/a\/wp-json\/wp\/v2\/posts\/38820\/revisions\/38821"}],"wp:featuredmedia":[{"embeddable":true,"href":"https:\/\/www.obispado-mdp.org.ar\/a\/wp-json\/wp\/v2\/media\/31451"}],"wp:attachment":[{"href":"https:\/\/www.obispado-mdp.org.ar\/a\/wp-json\/wp\/v2\/media?parent=38820"}],"wp:term":[{"taxonomy":"category","embeddable":true,"href":"https:\/\/www.obispado-mdp.org.ar\/a\/wp-json\/wp\/v2\/categories?post=38820"},{"taxonomy":"post_tag","embeddable":true,"href":"https:\/\/www.obispado-mdp.org.ar\/a\/wp-json\/wp\/v2\/tags?post=38820"}],"curies":[{"name":"wp","href":"https:\/\/api.w.org\/{rel}","templated":true}]}}