{"id":38895,"date":"2023-03-27T18:30:00","date_gmt":"2023-03-27T21:30:00","guid":{"rendered":"https:\/\/www.obispado-mdp.org.ar\/a\/?p=38895"},"modified":"2023-01-08T13:30:14","modified_gmt":"2023-01-08T16:30:14","slug":"evangelio-segun-san-juan-821-30-2","status":"publish","type":"post","link":"https:\/\/www.obispado-mdp.org.ar\/a\/evangelio-segun-san-juan-821-30-2\/","title":{"rendered":"Evangelio seg\u00fan San\u00a0Juan\u00a08,21-30."},"content":{"rendered":"\n<p>Jes\u00fas dijo a los fariseos:<br>\u00abYo me voy, y ustedes me buscar\u00e1n y morir\u00e1n en su pecado. Adonde yo voy, ustedes no pueden ir\u00bb.<br>Los jud\u00edos se preguntaban: \u00ab\u00bfPensar\u00e1 matarse para decir: &#8216;Adonde yo voy, ustedes no pueden ir&#8217;?\u00bb.<br>Jes\u00fas continu\u00f3: \u00abUstedes son de aqu\u00ed abajo, yo soy de lo alto. Ustedes son de este mundo, yo no soy de este mundo.<br>Por eso les he dicho: &#8216;Ustedes morir\u00e1n en sus pecados&#8217;. Porque si no creen que Yo Soy, morir\u00e1n en sus pecados\u00bb.<br>Los jud\u00edos le preguntaron: \u00ab\u00bfQui\u00e9n eres t\u00fa?\u00bb. Jes\u00fas les respondi\u00f3: \u00abEsto es precisamente lo que les estoy diciendo desde el comienzo.<br>De ustedes, tengo mucho que decir, mucho que juzgar. Pero aquel que me envi\u00f3 es veraz, y lo que aprend\u00ed de \u00e9l es lo que digo al mundo\u00bb.<br>Ellos no comprendieron que Jes\u00fas se refer\u00eda al Padre.<br>Despu\u00e9s les dijo: \u00abCuando ustedes hayan levantado en alto al Hijo del hombre, entonces sabr\u00e1n que Yo Soy y que no hago nada por m\u00ed mismo, sino que digo lo que el Padre me ense\u00f1\u00f3.<br>El que me envi\u00f3 est\u00e1 conmigo y no me ha dejado solo, porque yo hago siempre lo que le agrada\u00bb.<br>Mientras hablaba as\u00ed, muchos creyeron en \u00e9l.<\/p>\n\n\n\n<p class=\"has-text-align-right\"><em>Extra\u00eddo de la Biblia: Libro del Pueblo de Dios. <\/em><\/p>\n","protected":false},"excerpt":{"rendered":"<p>Jes\u00fas dijo a los fariseos:\u00abYo me voy, y ustedes me buscar\u00e1n y morir\u00e1n en su pecado. Adonde yo voy, ustedes no pueden ir\u00bb.Los jud\u00edos se preguntaban: \u00ab\u00bfPensar\u00e1 matarse para decir: &#8216;Adonde yo voy, ustedes no pueden ir&#8217;?\u00bb.Jes\u00fas continu\u00f3: \u00abUstedes son de aqu\u00ed abajo, yo soy de lo alto. Ustedes son de este mundo, yo no [&hellip;]<\/p>\n","protected":false},"author":3,"featured_media":31452,"comment_status":"open","ping_status":"closed","sticky":false,"template":"","format":"standard","meta":{"_et_pb_use_builder":"off","_et_pb_old_content":"<!-- wp:paragraph -->\n<p> Al atardecer de ese mismo d\u00eda, el primero de la semana, estando cerradas las puertas del lugar donde se encontraban los disc\u00edpulos, por temor a los jud\u00edos, lleg\u00f3 Jes\u00fas y poni\u00e9ndose en medio de ellos, les dijo: \"\u00a1La paz est\u00e9 con ustedes!\".<br>Mientras dec\u00eda esto, les mostr\u00f3 sus manos y su costado. Los disc\u00edpulos se llenaron de alegr\u00eda cuando vieron al Se\u00f1or.<br>Jes\u00fas les dijo de nuevo: \"\u00a1La paz est\u00e9 con ustedes! Como el Padre me envi\u00f3 a m\u00ed, yo tambi\u00e9n los env\u00edo a ustedes\".<br>Al decirles esto, sopl\u00f3 sobre ellos y a\u00f1adi\u00f3: \"Reciban el Esp\u00edritu Santo.<br>Los pecados ser\u00e1n perdonados a los que ustedes se los perdonen, y ser\u00e1n retenidos a los que ustedes se los retengan\". <\/p>\n<!-- \/wp:paragraph -->\n\n<!-- wp:paragraph {\"align\":\"right\"} -->\n<p class=\"has-text-align-right\"><em>Extra\u00eddo de la Biblia: Libro del Pueblo de Dios. <\/em><\/p>\n<!-- \/wp:paragraph -->","_et_gb_content_width":""},"categories":[6],"tags":[],"aioseo_notices":[],"_links":{"self":[{"href":"https:\/\/www.obispado-mdp.org.ar\/a\/wp-json\/wp\/v2\/posts\/38895"}],"collection":[{"href":"https:\/\/www.obispado-mdp.org.ar\/a\/wp-json\/wp\/v2\/posts"}],"about":[{"href":"https:\/\/www.obispado-mdp.org.ar\/a\/wp-json\/wp\/v2\/types\/post"}],"author":[{"embeddable":true,"href":"https:\/\/www.obispado-mdp.org.ar\/a\/wp-json\/wp\/v2\/users\/3"}],"replies":[{"embeddable":true,"href":"https:\/\/www.obispado-mdp.org.ar\/a\/wp-json\/wp\/v2\/comments?post=38895"}],"version-history":[{"count":1,"href":"https:\/\/www.obispado-mdp.org.ar\/a\/wp-json\/wp\/v2\/posts\/38895\/revisions"}],"predecessor-version":[{"id":38896,"href":"https:\/\/www.obispado-mdp.org.ar\/a\/wp-json\/wp\/v2\/posts\/38895\/revisions\/38896"}],"wp:featuredmedia":[{"embeddable":true,"href":"https:\/\/www.obispado-mdp.org.ar\/a\/wp-json\/wp\/v2\/media\/31452"}],"wp:attachment":[{"href":"https:\/\/www.obispado-mdp.org.ar\/a\/wp-json\/wp\/v2\/media?parent=38895"}],"wp:term":[{"taxonomy":"category","embeddable":true,"href":"https:\/\/www.obispado-mdp.org.ar\/a\/wp-json\/wp\/v2\/categories?post=38895"},{"taxonomy":"post_tag","embeddable":true,"href":"https:\/\/www.obispado-mdp.org.ar\/a\/wp-json\/wp\/v2\/tags?post=38895"}],"curies":[{"name":"wp","href":"https:\/\/api.w.org\/{rel}","templated":true}]}}