{"id":39217,"date":"2023-02-17T16:18:53","date_gmt":"2023-02-17T19:18:53","guid":{"rendered":"https:\/\/www.obispado-mdp.org.ar\/a\/?p=39217"},"modified":"2023-02-17T16:30:36","modified_gmt":"2023-02-17T19:30:36","slug":"directivos-de-colegios-episcopales-se-reunieron-con-el-padre-obispo","status":"publish","type":"post","link":"https:\/\/www.obispado-mdp.org.ar\/a\/directivos-de-colegios-episcopales-se-reunieron-con-el-padre-obispo\/","title":{"rendered":"DIRECTIVOS DE COLEGIOS EPISCOPALES SE REUNIERON CON EL PADRE OBISPO."},"content":{"rendered":"\n<p class=\"has-pale-cyan-blue-background-color has-background\"><strong>Con la presencia del padre obispo Gabriel Mestre se realiz\u00f3 una jornada de encuentro y convivencia de representantes legales de los colegios episcopales.<\/strong><\/p>\n\n\n\n<p>Este encuentro forma parte de un programa de trabajo y actualizaci\u00f3n con los diversos actores de las comunidades educativas diocesanas.<\/p>\n\n\n\n<p>El primer encuentro anual estuvo destinado a \u00abconocernos y reconocernos\u00bb, en lo personal y en la funci\u00f3n de cada uno. La mirada de Monse\u00f1or Gabriel estuvo orientada a reflexionar sobre la <a><\/a>tarea que los directivos de los colegios realizan en \u00abSer como p\u00e1rrocos\u00bb, \u00abSentir con el coraz\u00f3n de la Iglesia\u00bb y \u00abFunci\u00f3n educativa con sentido hol\u00edstico\u00bb<\/p>\n\n\n\n<p>El equipo de JuREC present\u00f3 su nueva estructura y el plan de trabajo previsto para el ciclo 2023.<\/p>\n\n\n\n<p>La reuni\u00f3n se realiz\u00f3 en la Casa de Retiros del Bosque y participaron todos los representantes de los colegios episcopales de la di\u00f3cesis y autoridades de la JuREC.<\/p>\n\n\n\n<figure class=\"wp-container-2 wp-block-gallery-1 wp-block-gallery has-nested-images columns-default is-cropped\">\n<figure class=\"wp-block-image size-large\"><img loading=\"lazy\" width=\"768\" height=\"1024\" data-id=\"39220\"  src=\"https:\/\/www.obispado-mdp.org.ar\/a\/wp-content\/uploads\/2023\/02\/5d9610a5-5795-4db6-a7a3-f46e23934685-768x1024.jpg\" alt=\"\" class=\"wp-image-39220\"\/><\/figure>\n\n\n\n<figure class=\"wp-block-image size-large\"><img loading=\"lazy\" width=\"1024\" height=\"786\" data-id=\"39219\"  src=\"https:\/\/www.obispado-mdp.org.ar\/a\/wp-content\/uploads\/2023\/02\/217981c8-bb10-45df-9d65-3aa33613bdf7-1024x786.jpg\" alt=\"\" class=\"wp-image-39219\"\/><\/figure>\n\n\n\n<figure class=\"wp-block-image size-large\"><img loading=\"lazy\" width=\"1024\" height=\"561\" data-id=\"39218\"  src=\"https:\/\/www.obispado-mdp.org.ar\/a\/wp-content\/uploads\/2023\/02\/aa25201c-bd39-4ff7-ba07-b4d9e9c0dbcf-2-1024x561.jpg\" alt=\"\" class=\"wp-image-39218\"\/><\/figure>\n\n\n\n<figure class=\"wp-block-image size-large\"><img loading=\"lazy\" width=\"768\" height=\"1024\" data-id=\"39221\"  src=\"https:\/\/www.obispado-mdp.org.ar\/a\/wp-content\/uploads\/2023\/02\/bcf466ae-a625-406c-bd46-18636e40534b-768x1024.jpg\" alt=\"\" class=\"wp-image-39221\"\/><\/figure>\n<\/figure>\n","protected":false},"excerpt":{"rendered":"<p>Con la presencia del padre obispo Gabriel Mestre se realiz\u00f3 una jornada de encuentro y convivencia de representantes legales de los colegios episcopales. Este encuentro forma parte de un programa de trabajo y actualizaci\u00f3n con los diversos actores de las comunidades educativas diocesanas. El primer encuentro anual estuvo destinado a \u00abconocernos y reconocernos\u00bb, en lo [&hellip;]<\/p>\n","protected":false},"author":4,"featured_media":39222,"comment_status":"open","ping_status":"open","sticky":false,"template":"","format":"standard","meta":{"_et_pb_use_builder":"","_et_pb_old_content":"","_et_gb_content_width":""},"categories":[7],"tags":[],"aioseo_notices":[],"_links":{"self":[{"href":"https:\/\/www.obispado-mdp.org.ar\/a\/wp-json\/wp\/v2\/posts\/39217"}],"collection":[{"href":"https:\/\/www.obispado-mdp.org.ar\/a\/wp-json\/wp\/v2\/posts"}],"about":[{"href":"https:\/\/www.obispado-mdp.org.ar\/a\/wp-json\/wp\/v2\/types\/post"}],"author":[{"embeddable":true,"href":"https:\/\/www.obispado-mdp.org.ar\/a\/wp-json\/wp\/v2\/users\/4"}],"replies":[{"embeddable":true,"href":"https:\/\/www.obispado-mdp.org.ar\/a\/wp-json\/wp\/v2\/comments?post=39217"}],"version-history":[{"count":1,"href":"https:\/\/www.obispado-mdp.org.ar\/a\/wp-json\/wp\/v2\/posts\/39217\/revisions"}],"predecessor-version":[{"id":39223,"href":"https:\/\/www.obispado-mdp.org.ar\/a\/wp-json\/wp\/v2\/posts\/39217\/revisions\/39223"}],"wp:featuredmedia":[{"embeddable":true,"href":"https:\/\/www.obispado-mdp.org.ar\/a\/wp-json\/wp\/v2\/media\/39222"}],"wp:attachment":[{"href":"https:\/\/www.obispado-mdp.org.ar\/a\/wp-json\/wp\/v2\/media?parent=39217"}],"wp:term":[{"taxonomy":"category","embeddable":true,"href":"https:\/\/www.obispado-mdp.org.ar\/a\/wp-json\/wp\/v2\/categories?post=39217"},{"taxonomy":"post_tag","embeddable":true,"href":"https:\/\/www.obispado-mdp.org.ar\/a\/wp-json\/wp\/v2\/tags?post=39217"}],"curies":[{"name":"wp","href":"https:\/\/api.w.org\/{rel}","templated":true}]}}