{"id":39336,"date":"2023-03-01T08:05:54","date_gmt":"2023-03-01T11:05:54","guid":{"rendered":"https:\/\/www.obispado-mdp.org.ar\/a\/?p=39336"},"modified":"2023-03-01T09:00:03","modified_gmt":"2023-03-01T12:00:03","slug":"mensaje-de-padre-obispo-gabriel-en-el-inicio-del-ciclo-educativo-2023","status":"publish","type":"post","link":"https:\/\/www.obispado-mdp.org.ar\/a\/mensaje-de-padre-obispo-gabriel-en-el-inicio-del-ciclo-educativo-2023\/","title":{"rendered":"MENSAJE DE PADRE OBISPO GABRIEL EN EL INICIO DEL CICLO EDUCATIVO 2023."},"content":{"rendered":"\n<p class=\"has-pale-cyan-blue-background-color has-background\"><strong>En el inicio pero per\u00edodo escolar 2023 el padre obispo envi\u00f3 un mensaje pidiendo la bendici\u00f3n de Dios para cada ni\u00f1a, ni\u00f1o, adolescente, joven y adulto que se educa en la escuelas episcopales y en sus familias. Y tambi\u00e9n para el personal al servicio de la educaci\u00f3n: docentes y auxiliares, equipos de conducci\u00f3n y responsables de la JUREC.<\/strong><\/p>\n\n\n\n<p>TEXTO COMPLETO<br>Queridas hermanas y queridos hermanos:<\/p>\n\n\n\n<p>Querida comunidad educativa: \u00a1Muy fecundo inicio del ciclo 2023!<\/p>\n\n\n\n<p>Como pastor de la Iglesia, quiero saludar a todas las escuelas e instituciones educativas cat\u00f3licas, para pedir la bendici\u00f3n de Dios. Pienso en cada ni\u00f1a, ni\u00f1o, adolescente, joven y adulto que se educa en nuestras escuelas y en sus familias. Pienso en el personal al servicio de la educaci\u00f3n: docentes y auxiliares, equipos de conducci\u00f3n y responsables de la JUREC.<\/p>\n\n\n\n<p>\u00a1Que a todas y todos les llegue la abundante bendici\u00f3n de nuestro Se\u00f1or y les de fortaleza en este a\u00f1o que iniciamos! Pongamos a los pies de Mar\u00eda, Madre educadora, nuestra vida y nuestras intenciones para que interceda por nosotros y nos de la gracia de vivir la alegr\u00eda de la vida en Cristo Jes\u00fas.<\/p>\n\n\n\n<p>Con mi bendici\u00f3n y afecto de padre, hermano y amigo.<\/p>\n\n\n\n<p>+Mons. Gabriel Mestre<br>Obispo de Mar del Plata<\/p>\n\n\n\n<figure class=\"wp-block-image size-full\"><img loading=\"lazy\" width=\"479\" height=\"552\" src=\"https:\/\/www.obispado-mdp.org.ar\/a\/wp-content\/uploads\/2023\/03\/mensaje-obispo.png\" alt=\"\" class=\"wp-image-39337\"\/><\/figure>\n\n\n\n<p><\/p>\n","protected":false},"excerpt":{"rendered":"<p>En el inicio pero per\u00edodo escolar 2023 el padre obispo envi\u00f3 un mensaje pidiendo la bendici\u00f3n de Dios para cada ni\u00f1a, ni\u00f1o, adolescente, joven y adulto que se educa en la escuelas episcopales y en sus familias. Y tambi\u00e9n para el personal al servicio de la educaci\u00f3n: docentes y auxiliares, equipos de conducci\u00f3n y responsables [&hellip;]<\/p>\n","protected":false},"author":4,"featured_media":39341,"comment_status":"open","ping_status":"open","sticky":false,"template":"","format":"standard","meta":{"_et_pb_use_builder":"","_et_pb_old_content":"","_et_gb_content_width":""},"categories":[4,7],"tags":[],"aioseo_notices":[],"_links":{"self":[{"href":"https:\/\/www.obispado-mdp.org.ar\/a\/wp-json\/wp\/v2\/posts\/39336"}],"collection":[{"href":"https:\/\/www.obispado-mdp.org.ar\/a\/wp-json\/wp\/v2\/posts"}],"about":[{"href":"https:\/\/www.obispado-mdp.org.ar\/a\/wp-json\/wp\/v2\/types\/post"}],"author":[{"embeddable":true,"href":"https:\/\/www.obispado-mdp.org.ar\/a\/wp-json\/wp\/v2\/users\/4"}],"replies":[{"embeddable":true,"href":"https:\/\/www.obispado-mdp.org.ar\/a\/wp-json\/wp\/v2\/comments?post=39336"}],"version-history":[{"count":4,"href":"https:\/\/www.obispado-mdp.org.ar\/a\/wp-json\/wp\/v2\/posts\/39336\/revisions"}],"predecessor-version":[{"id":39355,"href":"https:\/\/www.obispado-mdp.org.ar\/a\/wp-json\/wp\/v2\/posts\/39336\/revisions\/39355"}],"wp:featuredmedia":[{"embeddable":true,"href":"https:\/\/www.obispado-mdp.org.ar\/a\/wp-json\/wp\/v2\/media\/39341"}],"wp:attachment":[{"href":"https:\/\/www.obispado-mdp.org.ar\/a\/wp-json\/wp\/v2\/media?parent=39336"}],"wp:term":[{"taxonomy":"category","embeddable":true,"href":"https:\/\/www.obispado-mdp.org.ar\/a\/wp-json\/wp\/v2\/categories?post=39336"},{"taxonomy":"post_tag","embeddable":true,"href":"https:\/\/www.obispado-mdp.org.ar\/a\/wp-json\/wp\/v2\/tags?post=39336"}],"curies":[{"name":"wp","href":"https:\/\/api.w.org\/{rel}","templated":true}]}}