{"id":39615,"date":"2023-04-25T18:30:00","date_gmt":"2023-04-25T21:30:00","guid":{"rendered":"https:\/\/www.obispado-mdp.org.ar\/a\/?p=39615"},"modified":"2023-03-25T09:55:51","modified_gmt":"2023-03-25T12:55:51","slug":"evangelio-segun-san-juan-111-45-2","status":"publish","type":"post","link":"https:\/\/www.obispado-mdp.org.ar\/a\/evangelio-segun-san-juan-111-45-2\/","title":{"rendered":"Evangelio seg\u00fan San Juan\u00a011,1-45."},"content":{"rendered":"\n<p>Hab\u00eda un hombre enfermo, L\u00e1zaro de Betania, del pueblo de Mar\u00eda y de su hermana Marta.<br>Mar\u00eda era la misma que derram\u00f3 perfume sobre el Se\u00f1or y le sec\u00f3 los pies con sus cabellos. Su hermano L\u00e1zaro era el que estaba enfermo.<br>Las hermanas enviaron a decir a Jes\u00fas: \u00abSe\u00f1or, el que t\u00fa amas, est\u00e1 enfermo\u00bb.<br>Al o\u00edr esto, Jes\u00fas dijo: \u00abEsta enfermedad no es mortal; es para gloria de Dios, para que el Hijo de Dios sea glorificado por ella\u00bb.<br>Jes\u00fas quer\u00eda mucho a Marta, a su hermana y a L\u00e1zaro.<br>Sin embargo, cuando oy\u00f3 que este se encontraba enfermo, se qued\u00f3 dos d\u00edas m\u00e1s en el lugar donde estaba.<br>Despu\u00e9s dijo a sus disc\u00edpulos: \u00abVolvamos a Judea\u00bb.<br>Los disc\u00edpulos le dijeron: \u00abMaestro, hace poco los jud\u00edos quer\u00edan apedrearte, \u00bfquieres volver all\u00e1?\u00bb.<br>Jes\u00fas les respondi\u00f3: \u00ab\u00bfAcaso no son doce las horas del d\u00eda? El que camina de d\u00eda no tropieza, porque ve la luz de este mundo;<br>en cambio, el que camina de noche tropieza, porque la luz no est\u00e1 en \u00e9l\u00bb.<br>Despu\u00e9s agreg\u00f3: \u00abNuestro amigo L\u00e1zaro duerme, pero yo voy a despertarlo\u00bb.<br>Sus disc\u00edpulos le dijeron: \u00abSe\u00f1or, si duerme, se curar\u00e1\u00bb.<br>Ellos pensaban que hablaba del sue\u00f1o, pero Jes\u00fas se refer\u00eda a la muerte.<br>Entonces les dijo abiertamente: \u00abL\u00e1zaro ha muerto,<br>y me alegro por ustedes de no haber estado all\u00ed, a fin de que crean. Vayamos a verlo\u00bb.<br>Tom\u00e1s, llamado el Mellizo, dijo a los otros disc\u00edpulos: \u00abVayamos tambi\u00e9n nosotros a morir con \u00e9l\u00bb.<br>Cuando Jes\u00fas lleg\u00f3, se encontr\u00f3 con que L\u00e1zaro estaba sepultado desde hac\u00eda cuatro d\u00edas.<br>Betania distaba de Jerusal\u00e9n s\u00f3lo unos tres kil\u00f3metros.<br>Muchos jud\u00edos hab\u00edan ido a consolar a Marta y a Mar\u00eda, por la muerte de su hermano.<br>Al enterarse de que Jes\u00fas llegaba, Marta sali\u00f3 a su encuentro, mientras Mar\u00eda permanec\u00eda en la casa.<br>Marta dijo a Jes\u00fas: \u00abSe\u00f1or, si hubieras estado aqu\u00ed, mi hermano no habr\u00eda muerto.<br>Pero yo s\u00e9 que aun ahora, Dios te conceder\u00e1 todo lo que le pidas\u00bb.<br>Jes\u00fas le dijo: \u00abTu hermano resucitar\u00e1\u00bb.<br>Marta le respondi\u00f3: \u00abS\u00e9 que resucitar\u00e1 en la resurrecci\u00f3n del \u00faltimo d\u00eda\u00bb.<br>Jes\u00fas le dijo: \u00abYo soy la Resurrecci\u00f3n y la Vida. El que cree en m\u00ed, aunque muera, vivir\u00e1;<br>y todo el que vive y cree en m\u00ed, no morir\u00e1 jam\u00e1s. \u00bfCrees esto?\u00bb.<br>Ella le respondi\u00f3: \u00abS\u00ed, Se\u00f1or, creo que t\u00fa eres el Mes\u00edas, el Hijo de Dios, el que deb\u00eda venir al mundo\u00bb.<br>Despu\u00e9s fue a llamar a Mar\u00eda, su hermana, y le dijo en voz baja: \u00abEl Maestro est\u00e1 aqu\u00ed y te llama\u00bb.<br>Al o\u00edr esto, ella se levant\u00f3 r\u00e1pidamente y fue a su encuentro.<br>Jes\u00fas no hab\u00eda llegado todav\u00eda al pueblo, sino que estaba en el mismo sitio donde Marta lo hab\u00eda encontrado.<br>Los jud\u00edos que estaban en la casa consolando a Mar\u00eda, al ver que esta se levantaba de repente y sal\u00eda, la siguieron, pensando que iba al sepulcro para llorar all\u00ed.<br>Mar\u00eda lleg\u00f3 a donde estaba Jes\u00fas y, al verlo, se postr\u00f3 a sus pies y le dijo: \u00abSe\u00f1or, si hubieras estado aqu\u00ed, mi hermano no habr\u00eda muerto\u00bb.<br>Jes\u00fas, al verla llorar a ella, y tambi\u00e9n a los jud\u00edos que la acompa\u00f1aban, conmovido y turbado,<br>pregunt\u00f3: \u00ab\u00bfD\u00f3nde lo pusieron?\u00bb. Le respondieron: \u00abVen, Se\u00f1or, y lo ver\u00e1s\u00bb.<br>Y Jes\u00fas llor\u00f3.<br>Los jud\u00edos dijeron: \u00ab\u00a1C\u00f3mo lo amaba!\u00bb.<br>Pero algunos dec\u00edan: \u00abEste que abri\u00f3 los ojos del ciego de nacimiento, \u00bfno podr\u00eda impedir que L\u00e1zaro muriera?\u00bb.<br>Jes\u00fas, conmovi\u00e9ndose nuevamente, lleg\u00f3 al sepulcro, que era una cueva con una piedra encima,<br>y dijo: \u00abQuiten la piedra\u00bb. Marta, la hermana del difunto, le respondi\u00f3: \u00abSe\u00f1or, huele mal; ya hace cuatro d\u00edas que est\u00e1 muerto\u00bb.<br>Jes\u00fas le dijo: \u00ab\u00bfNo te he dicho que si crees, ver\u00e1s la gloria de Dios?\u00bb.<br>Entonces quitaron la piedra, y Jes\u00fas, levantando los ojos al cielo, dijo: \u00abPadre, te doy gracias porque me o\u00edste.<br>Yo s\u00e9 que siempre me oyes, pero lo he dicho por esta gente que me rodea, para que crean que t\u00fa me has enviado\u00bb.<br>Despu\u00e9s de decir esto, grit\u00f3 con voz fuerte: \u00ab\u00a1L\u00e1zaro, ven afuera!\u00bb.<br>El muerto sali\u00f3 con los pies y las manos atados con vendas, y el rostro envuelto en un sudario. Jes\u00fas les dijo: \u00abDes\u00e1tenlo para que pueda caminar\u00bb.<br>Al ver lo que hizo Jes\u00fas, muchos de los jud\u00edos que hab\u00edan ido a casa de Mar\u00eda creyeron en \u00e9l.<\/p>\n\n\n\n<p class=\"has-text-align-right\"><em>Extra\u00eddo de la Biblia: Libro del Pueblo de Dios. <\/em><\/p>\n","protected":false},"excerpt":{"rendered":"<p>Hab\u00eda un hombre enfermo, L\u00e1zaro de Betania, del pueblo de Mar\u00eda y de su hermana Marta.Mar\u00eda era la misma que derram\u00f3 perfume sobre el Se\u00f1or y le sec\u00f3 los pies con sus cabellos. Su hermano L\u00e1zaro era el que estaba enfermo.Las hermanas enviaron a decir a Jes\u00fas: \u00abSe\u00f1or, el que t\u00fa amas, est\u00e1 enfermo\u00bb.Al o\u00edr [&hellip;]<\/p>\n","protected":false},"author":3,"featured_media":31453,"comment_status":"open","ping_status":"closed","sticky":false,"template":"","format":"standard","meta":{"_et_pb_use_builder":"off","_et_pb_old_content":"<!-- wp:paragraph -->\n<p> Al atardecer de ese mismo d\u00eda, el primero de la semana, estando cerradas las puertas del lugar donde se encontraban los disc\u00edpulos, por temor a los jud\u00edos, lleg\u00f3 Jes\u00fas y poni\u00e9ndose en medio de ellos, les dijo: \"\u00a1La paz est\u00e9 con ustedes!\".<br>Mientras dec\u00eda esto, les mostr\u00f3 sus manos y su costado. Los disc\u00edpulos se llenaron de alegr\u00eda cuando vieron al Se\u00f1or.<br>Jes\u00fas les dijo de nuevo: \"\u00a1La paz est\u00e9 con ustedes! Como el Padre me envi\u00f3 a m\u00ed, yo tambi\u00e9n los env\u00edo a ustedes\".<br>Al decirles esto, sopl\u00f3 sobre ellos y a\u00f1adi\u00f3: \"Reciban el Esp\u00edritu Santo.<br>Los pecados ser\u00e1n perdonados a los que ustedes se los perdonen, y ser\u00e1n retenidos a los que ustedes se los retengan\". <\/p>\n<!-- \/wp:paragraph -->\n\n<!-- wp:paragraph {\"align\":\"right\"} -->\n<p class=\"has-text-align-right\"><em>Extra\u00eddo de la Biblia: Libro del Pueblo de Dios. <\/em><\/p>\n<!-- \/wp:paragraph -->","_et_gb_content_width":""},"categories":[6],"tags":[],"aioseo_notices":[],"_links":{"self":[{"href":"https:\/\/www.obispado-mdp.org.ar\/a\/wp-json\/wp\/v2\/posts\/39615"}],"collection":[{"href":"https:\/\/www.obispado-mdp.org.ar\/a\/wp-json\/wp\/v2\/posts"}],"about":[{"href":"https:\/\/www.obispado-mdp.org.ar\/a\/wp-json\/wp\/v2\/types\/post"}],"author":[{"embeddable":true,"href":"https:\/\/www.obispado-mdp.org.ar\/a\/wp-json\/wp\/v2\/users\/3"}],"replies":[{"embeddable":true,"href":"https:\/\/www.obispado-mdp.org.ar\/a\/wp-json\/wp\/v2\/comments?post=39615"}],"version-history":[{"count":1,"href":"https:\/\/www.obispado-mdp.org.ar\/a\/wp-json\/wp\/v2\/posts\/39615\/revisions"}],"predecessor-version":[{"id":39616,"href":"https:\/\/www.obispado-mdp.org.ar\/a\/wp-json\/wp\/v2\/posts\/39615\/revisions\/39616"}],"wp:featuredmedia":[{"embeddable":true,"href":"https:\/\/www.obispado-mdp.org.ar\/a\/wp-json\/wp\/v2\/media\/31453"}],"wp:attachment":[{"href":"https:\/\/www.obispado-mdp.org.ar\/a\/wp-json\/wp\/v2\/media?parent=39615"}],"wp:term":[{"taxonomy":"category","embeddable":true,"href":"https:\/\/www.obispado-mdp.org.ar\/a\/wp-json\/wp\/v2\/categories?post=39615"},{"taxonomy":"post_tag","embeddable":true,"href":"https:\/\/www.obispado-mdp.org.ar\/a\/wp-json\/wp\/v2\/tags?post=39615"}],"curies":[{"name":"wp","href":"https:\/\/api.w.org\/{rel}","templated":true}]}}