{"id":39706,"date":"2023-03-29T09:16:48","date_gmt":"2023-03-29T12:16:48","guid":{"rendered":"https:\/\/www.obispado-mdp.org.ar\/a\/?p=39706"},"modified":"2023-03-29T09:16:55","modified_gmt":"2023-03-29T12:16:55","slug":"domingo-de-ramos-llenos-de-alegria-alababan-a-dios","status":"publish","type":"post","link":"https:\/\/www.obispado-mdp.org.ar\/a\/domingo-de-ramos-llenos-de-alegria-alababan-a-dios\/","title":{"rendered":"DOMINGO DE RAMOS: \u201cLlenos de alegr\u00eda alababan a Dios\u201d"},"content":{"rendered":"\n<p class=\"has-pale-cyan-blue-background-color has-background\"><strong>      En el Domingo de Ramos&nbsp;se celebra la entrada de Jes\u00fas a Jerusal\u00e9n, el relato de su pasi\u00f3n y su muerte en la cruz. Bendici\u00f3n de ramos.<\/strong><\/p>\n\n\n\n<p>El Domingo de Ramos es simb\u00f3licamente la \u201cpuerta de entrada\u201d en la que los cristianos se preparan para vivir intensamente la Semana Santa y, por tanto, para dirigirse a la Pascua. Jes\u00fas entra a Jerusal\u00e9n para dar cumplimiento al misterio de su muerte y resurrecci\u00f3n y los cristianos lo reciben \u201cllenos de alegr\u00eda alababan al Dios\u201d (Lc 19,37).<\/p>\n\n\n\n<p>Este DOMINGO DE RAMOS de los d\u00edas 1\u00b0 y 2 de abril habr\u00e1 bendici\u00f3n de ramos en todas las Misas que se celebren en parroquias y capillas de la di\u00f3cesis.<\/p>\n\n\n\n<p>El padre obispo Gabriel presidir\u00e1 la eucarist\u00eda y bendecir\u00e1 los ramos en la Iglesia Catedral el S\u00e1bado a las 18 y el Domingo 11 Y 19 hs.<\/p>\n\n\n\n<figure class=\"wp-block-image size-large\"><img loading=\"lazy\" width=\"693\" height=\"1024\" src=\"https:\/\/www.obispado-mdp.org.ar\/a\/wp-content\/uploads\/2023\/03\/domingo-de-ramos-fcb-recortado-1-693x1024.png\" alt=\"\" class=\"wp-image-39707\"\/><\/figure>\n","protected":false},"excerpt":{"rendered":"<p>En el Domingo de Ramos&nbsp;se celebra la entrada de Jes\u00fas a Jerusal\u00e9n, el relato de su pasi\u00f3n y su muerte en la cruz. Bendici\u00f3n de ramos. El Domingo de Ramos es simb\u00f3licamente la \u201cpuerta de entrada\u201d en la que los cristianos se preparan para vivir intensamente la Semana Santa y, por tanto, para dirigirse a [&hellip;]<\/p>\n","protected":false},"author":4,"featured_media":39699,"comment_status":"open","ping_status":"open","sticky":false,"template":"","format":"standard","meta":{"_et_pb_use_builder":"","_et_pb_old_content":"","_et_gb_content_width":""},"categories":[4,12],"tags":[],"aioseo_notices":[],"_links":{"self":[{"href":"https:\/\/www.obispado-mdp.org.ar\/a\/wp-json\/wp\/v2\/posts\/39706"}],"collection":[{"href":"https:\/\/www.obispado-mdp.org.ar\/a\/wp-json\/wp\/v2\/posts"}],"about":[{"href":"https:\/\/www.obispado-mdp.org.ar\/a\/wp-json\/wp\/v2\/types\/post"}],"author":[{"embeddable":true,"href":"https:\/\/www.obispado-mdp.org.ar\/a\/wp-json\/wp\/v2\/users\/4"}],"replies":[{"embeddable":true,"href":"https:\/\/www.obispado-mdp.org.ar\/a\/wp-json\/wp\/v2\/comments?post=39706"}],"version-history":[{"count":1,"href":"https:\/\/www.obispado-mdp.org.ar\/a\/wp-json\/wp\/v2\/posts\/39706\/revisions"}],"predecessor-version":[{"id":39708,"href":"https:\/\/www.obispado-mdp.org.ar\/a\/wp-json\/wp\/v2\/posts\/39706\/revisions\/39708"}],"wp:featuredmedia":[{"embeddable":true,"href":"https:\/\/www.obispado-mdp.org.ar\/a\/wp-json\/wp\/v2\/media\/39699"}],"wp:attachment":[{"href":"https:\/\/www.obispado-mdp.org.ar\/a\/wp-json\/wp\/v2\/media?parent=39706"}],"wp:term":[{"taxonomy":"category","embeddable":true,"href":"https:\/\/www.obispado-mdp.org.ar\/a\/wp-json\/wp\/v2\/categories?post=39706"},{"taxonomy":"post_tag","embeddable":true,"href":"https:\/\/www.obispado-mdp.org.ar\/a\/wp-json\/wp\/v2\/tags?post=39706"}],"curies":[{"name":"wp","href":"https:\/\/api.w.org\/{rel}","templated":true}]}}