{"id":39716,"date":"2023-05-22T18:30:00","date_gmt":"2023-05-22T21:30:00","guid":{"rendered":"https:\/\/www.obispado-mdp.org.ar\/a\/?p=39716"},"modified":"2023-03-30T16:43:00","modified_gmt":"2023-03-30T19:43:00","slug":"evangelio-segun-san-juan-171-11a-2","status":"publish","type":"post","link":"https:\/\/www.obispado-mdp.org.ar\/a\/evangelio-segun-san-juan-171-11a-2\/","title":{"rendered":"Evangelio seg\u00fan San Juan\u00a017,1-11a."},"content":{"rendered":"\n<p>\u00abPadre, ha llegado la hora: glorifica a tu Hijo para que el Hijo te glorifique a ti,<br>ya que le diste autoridad sobre todos los hombres, para que \u00e9l diera Vida eterna a todos los que t\u00fa les has dado.<br>Esta es la Vida eterna: que te conozcan a ti, el \u00fanico Dios verdadero, y a tu Enviado, Jesucristo.<br>Yo te he glorificado en la tierra, llevando a cabo la obra que me encomendaste.<br>Ahora, Padre, glorif\u00edcame junto a ti, con la gloria que yo ten\u00eda contigo antes que el mundo existiera.<br>Manifest\u00e9 tu Nombre a los que separaste del mundo para confi\u00e1rmelos. Eran tuyos y me los diste, y ellos fueron fieles a tu palabra.<br>Ahora saben que todo lo que me has dado viene de ti,<br>porque les comuniqu\u00e9 las palabras que t\u00fa me diste: ellos han reconocido verdaderamente que yo sal\u00ed de ti, y han cre\u00eddo que t\u00fa me enviaste.<br>Yo ruego por ellos: no ruego por el mundo, sino por los que me diste, porque son tuyos.<br>Todo lo m\u00edo es tuyo y todo lo tuyo es m\u00edo, y en ellos he sido glorificado.<br>Ya no estoy m\u00e1s en el mundo, pero ellos est\u00e1n en \u00e9l; y yo vuelvo a ti.\u00bb<\/p>\n\n\n\n<p class=\"has-text-align-right\"><em>Extra\u00eddo de la Biblia: Libro del Pueblo de Dios. <\/em><\/p>\n","protected":false},"excerpt":{"rendered":"<p>\u00abPadre, ha llegado la hora: glorifica a tu Hijo para que el Hijo te glorifique a ti,ya que le diste autoridad sobre todos los hombres, para que \u00e9l diera Vida eterna a todos los que t\u00fa les has dado.Esta es la Vida eterna: que te conozcan a ti, el \u00fanico Dios verdadero, y a tu [&hellip;]<\/p>\n","protected":false},"author":3,"featured_media":31452,"comment_status":"open","ping_status":"closed","sticky":false,"template":"","format":"standard","meta":{"_et_pb_use_builder":"off","_et_pb_old_content":"<!-- wp:paragraph -->\n<p> Al atardecer de ese mismo d\u00eda, el primero de la semana, estando cerradas las puertas del lugar donde se encontraban los disc\u00edpulos, por temor a los jud\u00edos, lleg\u00f3 Jes\u00fas y poni\u00e9ndose en medio de ellos, les dijo: \"\u00a1La paz est\u00e9 con ustedes!\".<br>Mientras dec\u00eda esto, les mostr\u00f3 sus manos y su costado. Los disc\u00edpulos se llenaron de alegr\u00eda cuando vieron al Se\u00f1or.<br>Jes\u00fas les dijo de nuevo: \"\u00a1La paz est\u00e9 con ustedes! Como el Padre me envi\u00f3 a m\u00ed, yo tambi\u00e9n los env\u00edo a ustedes\".<br>Al decirles esto, sopl\u00f3 sobre ellos y a\u00f1adi\u00f3: \"Reciban el Esp\u00edritu Santo.<br>Los pecados ser\u00e1n perdonados a los que ustedes se los perdonen, y ser\u00e1n retenidos a los que ustedes se los retengan\". <\/p>\n<!-- \/wp:paragraph -->\n\n<!-- wp:paragraph {\"align\":\"right\"} -->\n<p class=\"has-text-align-right\"><em>Extra\u00eddo de la Biblia: Libro del Pueblo de Dios. <\/em><\/p>\n<!-- \/wp:paragraph -->","_et_gb_content_width":""},"categories":[6],"tags":[],"aioseo_notices":[],"_links":{"self":[{"href":"https:\/\/www.obispado-mdp.org.ar\/a\/wp-json\/wp\/v2\/posts\/39716"}],"collection":[{"href":"https:\/\/www.obispado-mdp.org.ar\/a\/wp-json\/wp\/v2\/posts"}],"about":[{"href":"https:\/\/www.obispado-mdp.org.ar\/a\/wp-json\/wp\/v2\/types\/post"}],"author":[{"embeddable":true,"href":"https:\/\/www.obispado-mdp.org.ar\/a\/wp-json\/wp\/v2\/users\/3"}],"replies":[{"embeddable":true,"href":"https:\/\/www.obispado-mdp.org.ar\/a\/wp-json\/wp\/v2\/comments?post=39716"}],"version-history":[{"count":1,"href":"https:\/\/www.obispado-mdp.org.ar\/a\/wp-json\/wp\/v2\/posts\/39716\/revisions"}],"predecessor-version":[{"id":39717,"href":"https:\/\/www.obispado-mdp.org.ar\/a\/wp-json\/wp\/v2\/posts\/39716\/revisions\/39717"}],"wp:featuredmedia":[{"embeddable":true,"href":"https:\/\/www.obispado-mdp.org.ar\/a\/wp-json\/wp\/v2\/media\/31452"}],"wp:attachment":[{"href":"https:\/\/www.obispado-mdp.org.ar\/a\/wp-json\/wp\/v2\/media?parent=39716"}],"wp:term":[{"taxonomy":"category","embeddable":true,"href":"https:\/\/www.obispado-mdp.org.ar\/a\/wp-json\/wp\/v2\/categories?post=39716"},{"taxonomy":"post_tag","embeddable":true,"href":"https:\/\/www.obispado-mdp.org.ar\/a\/wp-json\/wp\/v2\/tags?post=39716"}],"curies":[{"name":"wp","href":"https:\/\/api.w.org\/{rel}","templated":true}]}}