{"id":39816,"date":"2023-04-06T18:30:00","date_gmt":"2023-04-06T21:30:00","guid":{"rendered":"https:\/\/www.obispado-mdp.org.ar\/a\/?p=39816"},"modified":"2023-04-06T18:33:06","modified_gmt":"2023-04-06T21:33:06","slug":"viernes-santo-via-crucis-3","status":"publish","type":"post","link":"https:\/\/www.obispado-mdp.org.ar\/a\/viernes-santo-via-crucis-3\/","title":{"rendered":"VIERNES SANTO. VIA CRUCIS."},"content":{"rendered":"\n<p class=\"has-pale-cyan-blue-background-color has-background\">      <strong>Se conmemora la pasi\u00f3n y muerte de nuestro Se\u00f1or Jesucristo. Las celebraciones de este d\u00eda expresan un hondo sentimiento de compasi\u00f3n ante la entrega de Jes\u00fas en la cruz. Sus sufrimientos y su sacrificio nos invitan a unir nuestra vida a la suya, para que con su amor infinito \u00c9l pueda renovar la nuestra.<\/strong> <strong>A las 20hs V\u00eda Crucis por la ciudad.<\/strong><\/p>\n\n\n\n<p>     El mensaje de este d\u00eda es que s\u00f3lo el amor puede salvar al mundo, un amor infinito y total como el del Hijo de Dios que nos am\u00f3 y se entreg\u00f3 por nosotros. Lo que celebramos no es una invitaci\u00f3n al sufrimiento masoquista sino la invitaci\u00f3n a abrir nuestra vida, sufrimientos y pruebas, a la fuerza sanadora y renovadora del amor de Dios.<\/p>\n\n\n\n<p><strong>A las 15 hs el obispo presidir\u00e1 la Solemne Liturgia de la Pasi\u00f3n y Muerte del Se\u00f1or en la Catedral y, luego, a las 20 hs encabezar\u00e1 el Solemne V\u00eda Crucis por las calles de la ciudad.<\/strong><\/p>\n\n\n\n<figure class=\"wp-block-image size-large\"><img loading=\"lazy\" width=\"1024\" height=\"1024\" src=\"https:\/\/www.obispado-mdp.org.ar\/a\/wp-content\/uploads\/2023\/04\/via-crucis-cuadrado--1024x1024.jpeg\" alt=\"\" class=\"wp-image-39818\"\/><\/figure>\n","protected":false},"excerpt":{"rendered":"<p>Se conmemora la pasi\u00f3n y muerte de nuestro Se\u00f1or Jesucristo. Las celebraciones de este d\u00eda expresan un hondo sentimiento de compasi\u00f3n ante la entrega de Jes\u00fas en la cruz. Sus sufrimientos y su sacrificio nos invitan a unir nuestra vida a la suya, para que con su amor infinito \u00c9l pueda renovar la nuestra. A [&hellip;]<\/p>\n","protected":false},"author":4,"featured_media":39819,"comment_status":"open","ping_status":"open","sticky":false,"template":"","format":"standard","meta":{"_et_pb_use_builder":"","_et_pb_old_content":"","_et_gb_content_width":""},"categories":[4,12],"tags":[],"aioseo_notices":[],"_links":{"self":[{"href":"https:\/\/www.obispado-mdp.org.ar\/a\/wp-json\/wp\/v2\/posts\/39816"}],"collection":[{"href":"https:\/\/www.obispado-mdp.org.ar\/a\/wp-json\/wp\/v2\/posts"}],"about":[{"href":"https:\/\/www.obispado-mdp.org.ar\/a\/wp-json\/wp\/v2\/types\/post"}],"author":[{"embeddable":true,"href":"https:\/\/www.obispado-mdp.org.ar\/a\/wp-json\/wp\/v2\/users\/4"}],"replies":[{"embeddable":true,"href":"https:\/\/www.obispado-mdp.org.ar\/a\/wp-json\/wp\/v2\/comments?post=39816"}],"version-history":[{"count":3,"href":"https:\/\/www.obispado-mdp.org.ar\/a\/wp-json\/wp\/v2\/posts\/39816\/revisions"}],"predecessor-version":[{"id":39823,"href":"https:\/\/www.obispado-mdp.org.ar\/a\/wp-json\/wp\/v2\/posts\/39816\/revisions\/39823"}],"wp:featuredmedia":[{"embeddable":true,"href":"https:\/\/www.obispado-mdp.org.ar\/a\/wp-json\/wp\/v2\/media\/39819"}],"wp:attachment":[{"href":"https:\/\/www.obispado-mdp.org.ar\/a\/wp-json\/wp\/v2\/media?parent=39816"}],"wp:term":[{"taxonomy":"category","embeddable":true,"href":"https:\/\/www.obispado-mdp.org.ar\/a\/wp-json\/wp\/v2\/categories?post=39816"},{"taxonomy":"post_tag","embeddable":true,"href":"https:\/\/www.obispado-mdp.org.ar\/a\/wp-json\/wp\/v2\/tags?post=39816"}],"curies":[{"name":"wp","href":"https:\/\/api.w.org\/{rel}","templated":true}]}}