{"id":40011,"date":"2023-04-18T10:27:24","date_gmt":"2023-04-18T13:27:24","guid":{"rendered":"https:\/\/www.obispado-mdp.org.ar\/a\/?p=40011"},"modified":"2023-04-18T10:30:45","modified_gmt":"2023-04-18T13:30:45","slug":"la-diocesis-presente-en-el-encuentro-nacional-de-la-pastoral-de-las-adicciones","status":"publish","type":"post","link":"https:\/\/www.obispado-mdp.org.ar\/a\/la-diocesis-presente-en-el-encuentro-nacional-de-la-pastoral-de-las-adicciones\/","title":{"rendered":"LA DIOCESIS PRESENTE EN EL ENCUENTRO NACIONAL DE LA PASTORAL DE LAS ADICCIONES."},"content":{"rendered":"\n<p class=\"has-pale-cyan-blue-background-color has-background\">    <strong>Recientemente se realiz\u00f3 en Ramos Mej\u00eda Pcia. de Buenos Aires, un encuentro de referentes diocesanos de la Pastoral Nacional de Adicciones. Por la di\u00f3cesis estuvieron presentes el P. H\u00e9ctor D\u00edaz, Karina Vitali, Dami\u00e1n Galv\u00e1n.<\/strong><\/p>\n\n\n\n<p>    La jornada del d\u00eda s\u00e1bado se inici\u00f3 con la misa. Despu\u00e9s del almuerzo, se present\u00f3 la nueva comisi\u00f3n nacional formada por el Padre Obispo Pedro Laxague, de la di\u00f3cesis de Z\u00e1rate \u2013 Campana, el Padre Obispo Auxiliar Ernesto Giobando, del Bajo Flores, la coordinadora Marta Arriola, la secretaria Bel\u00e9n Chaparro, Beatriz Balario, representante de Abordaje Pastoral y Comunitario de C\u00e1ritas Argentina y Virginia Bonard, del \u00e1rea de Comunicaci\u00f3n.<\/p>\n\n\n\n<p>Karina Vitali es la delegada episcopal para la pastoral, Dami\u00e1n  Galv\u00e1n es miembro de la comisi\u00f3n diocesana y el P H\u00e9ctor D\u00edaz es el asesor de la pastoral,<\/p>\n\n\n\n<p>Hicieron lo mismo por regiones todas las di\u00f3cesis presentes.<\/p>\n\n\n\n<p>Hubo un signo en medio del sal\u00f3n de un r\u00edo que se iniciaba en 2005, en su curso segu\u00eda por el 2010, 2015, 2020, hasta 2023 y una barca navegando por \u00e9l. Reunidos por regiones, fuimos haciendo memoria y ten\u00edamos distintos \u00edconos que seg\u00fan su significado pudimos completar con acontecimientos puntuales seg\u00fan la fecha y los pusimos en el r\u00edo. El cardumen de peces buenos significaba las relaciones y movimientos positivos del grupo; el viento, las situaciones del contexto nacional, provincial y municipal; el puerto o muelle, los objetivos cumplidos; los faros simbolizaban las personas o hechos que iluminaron el proceso; las cano\u00edtas, quienes acompa\u00f1an, sostienen, empujan, entre otros.<\/p>\n\n\n\n<p>Tras la merienda escuchamos el testimonio de trabajo del Centro de Vida de Rosario que forma parte de la Familia Grande del Hogar de Cristo, con sus diferentes dispositivos, seg\u00fan las necesidades de la poblaci\u00f3n de ni\u00f1os, adolescentes, mujeres y hombres en situaci\u00f3n de calle. Pasaron un video del programa de la Televisi\u00f3n P\u00fablica \u201cSer Esencial\u201d y luego dieron su testimonio de trabajo fecundo.<\/p>\n\n\n\n<p>A continuaci\u00f3n, escuchamos un audio del Arzobispo de C\u00f3rdoba \u00c1ngel Rossi para posteriormente volver a trabajar por regiones con el m\u00e9todo de la conversaci\u00f3n espiritual con el fin de discernir comunitariamente hacia d\u00f3nde nos est\u00e1 guiando el Esp\u00edritu Santo en este momento y en este contexto.<\/p>\n\n\n\n<p>El d\u00eda domingo, retomamos la s\u00edntesis de cada conversaci\u00f3n espiritual y nuevamente agrupados por regiones trabajamos en 3 propuestas para trabajar a nivel regional y otras 3, para el trabajo en el nivel nacional. Luego de la puesta en com\u00fan, participamos de la misa de env\u00edo y posteriormente volvimos al signo del r\u00edo y en la barca se subi\u00f3 una visera representando a los pibes y pibas que acompa\u00f1amos y a la Virgen de Luj\u00e1n.<\/p>\n\n\n\n<p>Texto Karina Vitali<\/p>\n\n\n\n<figure class=\"wp-container-2 wp-block-gallery-1 wp-block-gallery has-nested-images columns-default is-cropped\">\n<figure class=\"wp-block-image size-large\"><img loading=\"lazy\" width=\"1024\" height=\"768\" data-id=\"40012\"  src=\"https:\/\/www.obispado-mdp.org.ar\/a\/wp-content\/uploads\/2023\/04\/11dee6e8-6a65-4357-98fa-4a0f971423e2-1-1024x768.jpg\" alt=\"\" class=\"wp-image-40012\"\/><\/figure>\n\n\n\n<figure class=\"wp-block-image size-large\"><img loading=\"lazy\" width=\"1024\" height=\"576\" data-id=\"40016\"  src=\"https:\/\/www.obispado-mdp.org.ar\/a\/wp-content\/uploads\/2023\/04\/63bf3944-67f5-4fe2-98b4-3dea7354a143-1-1024x576.jpg\" alt=\"\" class=\"wp-image-40016\"\/><\/figure>\n\n\n\n<figure class=\"wp-block-image size-large\"><img loading=\"lazy\" width=\"768\" height=\"1024\" data-id=\"40013\"  src=\"https:\/\/www.obispado-mdp.org.ar\/a\/wp-content\/uploads\/2023\/04\/548e9c42-df4b-4c24-8f81-e77d7e7c3b1e-1-768x1024.jpg\" alt=\"\" class=\"wp-image-40013\"\/><\/figure>\n\n\n\n<figure class=\"wp-block-image size-large\"><img loading=\"lazy\" width=\"1024\" height=\"768\" data-id=\"40015\"  src=\"https:\/\/www.obispado-mdp.org.ar\/a\/wp-content\/uploads\/2023\/04\/779839d4-392a-43dc-bc7d-4afcbc129fc8-1-1024x768.jpg\" alt=\"\" class=\"wp-image-40015\"\/><\/figure>\n\n\n\n<figure class=\"wp-block-image size-large\"><img loading=\"lazy\" width=\"1024\" height=\"768\" data-id=\"40018\"  src=\"https:\/\/www.obispado-mdp.org.ar\/a\/wp-content\/uploads\/2023\/04\/36259591-9964-4324-978f-df91aea7a110-1024x768.jpg\" alt=\"\" class=\"wp-image-40018\"\/><\/figure>\n\n\n\n<figure class=\"wp-block-image size-large\"><img loading=\"lazy\" width=\"1024\" height=\"412\" data-id=\"40014\"  src=\"https:\/\/www.obispado-mdp.org.ar\/a\/wp-content\/uploads\/2023\/04\/b13ba678-b198-420b-b874-d66b29bbe700-1-1024x412.jpg\" alt=\"\" class=\"wp-image-40014\"\/><\/figure>\n\n\n\n<figure class=\"wp-block-image size-large\"><img loading=\"lazy\" width=\"1024\" height=\"768\" data-id=\"40019\"  src=\"https:\/\/www.obispado-mdp.org.ar\/a\/wp-content\/uploads\/2023\/04\/cf33ca3c-4704-47ab-91b4-034250624b7e-1-1024x768.jpg\" alt=\"\" class=\"wp-image-40019\"\/><\/figure>\n\n\n\n<figure class=\"wp-block-image size-large\"><img loading=\"lazy\" width=\"1024\" height=\"768\" data-id=\"40017\"  src=\"https:\/\/www.obispado-mdp.org.ar\/a\/wp-content\/uploads\/2023\/04\/db7ba002-dc97-4a9d-9714-2314a99f5521-1-1024x768.jpg\" alt=\"\" class=\"wp-image-40017\"\/><\/figure>\n<\/figure>\n","protected":false},"excerpt":{"rendered":"<p>Recientemente se realiz\u00f3 en Ramos Mej\u00eda Pcia. de Buenos Aires, un encuentro de referentes diocesanos de la Pastoral Nacional de Adicciones. Por la di\u00f3cesis estuvieron presentes el P. H\u00e9ctor D\u00edaz, Karina Vitali, Dami\u00e1n Galv\u00e1n. La jornada del d\u00eda s\u00e1bado se inici\u00f3 con la misa. Despu\u00e9s del almuerzo, se present\u00f3 la nueva comisi\u00f3n nacional formada por [&hellip;]<\/p>\n","protected":false},"author":4,"featured_media":40009,"comment_status":"open","ping_status":"open","sticky":false,"template":"","format":"standard","meta":{"_et_pb_use_builder":"","_et_pb_old_content":"","_et_gb_content_width":""},"categories":[4,11],"tags":[],"aioseo_notices":[],"_links":{"self":[{"href":"https:\/\/www.obispado-mdp.org.ar\/a\/wp-json\/wp\/v2\/posts\/40011"}],"collection":[{"href":"https:\/\/www.obispado-mdp.org.ar\/a\/wp-json\/wp\/v2\/posts"}],"about":[{"href":"https:\/\/www.obispado-mdp.org.ar\/a\/wp-json\/wp\/v2\/types\/post"}],"author":[{"embeddable":true,"href":"https:\/\/www.obispado-mdp.org.ar\/a\/wp-json\/wp\/v2\/users\/4"}],"replies":[{"embeddable":true,"href":"https:\/\/www.obispado-mdp.org.ar\/a\/wp-json\/wp\/v2\/comments?post=40011"}],"version-history":[{"count":3,"href":"https:\/\/www.obispado-mdp.org.ar\/a\/wp-json\/wp\/v2\/posts\/40011\/revisions"}],"predecessor-version":[{"id":40023,"href":"https:\/\/www.obispado-mdp.org.ar\/a\/wp-json\/wp\/v2\/posts\/40011\/revisions\/40023"}],"wp:featuredmedia":[{"embeddable":true,"href":"https:\/\/www.obispado-mdp.org.ar\/a\/wp-json\/wp\/v2\/media\/40009"}],"wp:attachment":[{"href":"https:\/\/www.obispado-mdp.org.ar\/a\/wp-json\/wp\/v2\/media?parent=40011"}],"wp:term":[{"taxonomy":"category","embeddable":true,"href":"https:\/\/www.obispado-mdp.org.ar\/a\/wp-json\/wp\/v2\/categories?post=40011"},{"taxonomy":"post_tag","embeddable":true,"href":"https:\/\/www.obispado-mdp.org.ar\/a\/wp-json\/wp\/v2\/tags?post=40011"}],"curies":[{"name":"wp","href":"https:\/\/api.w.org\/{rel}","templated":true}]}}