{"id":40056,"date":"2023-06-09T18:30:00","date_gmt":"2023-06-09T21:30:00","guid":{"rendered":"https:\/\/www.obispado-mdp.org.ar\/a\/?p=40056"},"modified":"2023-04-19T20:29:14","modified_gmt":"2023-04-19T23:29:14","slug":"evangelio-segun-san-marcos-1238-44-3","status":"publish","type":"post","link":"https:\/\/www.obispado-mdp.org.ar\/a\/evangelio-segun-san-marcos-1238-44-3\/","title":{"rendered":"Evangelio seg\u00fan San Marcos\u00a012,38-44."},"content":{"rendered":"\n<p>Y \u00e9l les ense\u00f1aba: \u00abCu\u00eddense de los escribas, a quienes les gusta pasearse con largas vestiduras, ser saludados en las plazas<br>y ocupar los primeros asientos en las sinagogas y los banquetes;<br>que devoran los bienes de las viudas y fingen hacer largas oraciones. Estos ser\u00e1n juzgados con m\u00e1s severidad\u00bb.<br>Jes\u00fas se sent\u00f3 frente a la sala del tesoro del Templo y miraba c\u00f3mo la gente depositaba su limosna. Muchos ricos daban en abundancia.<br>Lleg\u00f3 una viuda de condici\u00f3n humilde y coloc\u00f3 dos peque\u00f1as monedas de cobre.<br>Entonces \u00e9l llam\u00f3 a sus disc\u00edpulos y les dijo: \u00abLes aseguro que esta pobre viuda ha puesto m\u00e1s que cualquiera de los otros,<br>porque todos han dado de lo que les sobraba, pero ella, de su indigencia, dio todo lo que pose\u00eda, todo lo que ten\u00eda para vivir\u00bb.<\/p>\n\n\n\n<p class=\"has-text-align-right\"><em>Extra\u00eddo de la Biblia: Libro del Pueblo de Dios. <\/em><\/p>\n","protected":false},"excerpt":{"rendered":"<p>Y \u00e9l les ense\u00f1aba: \u00abCu\u00eddense de los escribas, a quienes les gusta pasearse con largas vestiduras, ser saludados en las plazasy ocupar los primeros asientos en las sinagogas y los banquetes;que devoran los bienes de las viudas y fingen hacer largas oraciones. Estos ser\u00e1n juzgados con m\u00e1s severidad\u00bb.Jes\u00fas se sent\u00f3 frente a la sala del [&hellip;]<\/p>\n","protected":false},"author":3,"featured_media":31440,"comment_status":"open","ping_status":"closed","sticky":false,"template":"","format":"standard","meta":{"_et_pb_use_builder":"off","_et_pb_old_content":"<!-- wp:paragraph -->\n<p> Al atardecer de ese mismo d\u00eda, el primero de la semana, estando cerradas las puertas del lugar donde se encontraban los disc\u00edpulos, por temor a los jud\u00edos, lleg\u00f3 Jes\u00fas y poni\u00e9ndose en medio de ellos, les dijo: \"\u00a1La paz est\u00e9 con ustedes!\".<br>Mientras dec\u00eda esto, les mostr\u00f3 sus manos y su costado. Los disc\u00edpulos se llenaron de alegr\u00eda cuando vieron al Se\u00f1or.<br>Jes\u00fas les dijo de nuevo: \"\u00a1La paz est\u00e9 con ustedes! Como el Padre me envi\u00f3 a m\u00ed, yo tambi\u00e9n los env\u00edo a ustedes\".<br>Al decirles esto, sopl\u00f3 sobre ellos y a\u00f1adi\u00f3: \"Reciban el Esp\u00edritu Santo.<br>Los pecados ser\u00e1n perdonados a los que ustedes se los perdonen, y ser\u00e1n retenidos a los que ustedes se los retengan\". <\/p>\n<!-- \/wp:paragraph -->\n\n<!-- wp:paragraph {\"align\":\"right\"} -->\n<p class=\"has-text-align-right\"><em>Extra\u00eddo de la Biblia: Libro del Pueblo de Dios. <\/em><\/p>\n<!-- \/wp:paragraph -->","_et_gb_content_width":""},"categories":[6],"tags":[],"aioseo_notices":[],"_links":{"self":[{"href":"https:\/\/www.obispado-mdp.org.ar\/a\/wp-json\/wp\/v2\/posts\/40056"}],"collection":[{"href":"https:\/\/www.obispado-mdp.org.ar\/a\/wp-json\/wp\/v2\/posts"}],"about":[{"href":"https:\/\/www.obispado-mdp.org.ar\/a\/wp-json\/wp\/v2\/types\/post"}],"author":[{"embeddable":true,"href":"https:\/\/www.obispado-mdp.org.ar\/a\/wp-json\/wp\/v2\/users\/3"}],"replies":[{"embeddable":true,"href":"https:\/\/www.obispado-mdp.org.ar\/a\/wp-json\/wp\/v2\/comments?post=40056"}],"version-history":[{"count":1,"href":"https:\/\/www.obispado-mdp.org.ar\/a\/wp-json\/wp\/v2\/posts\/40056\/revisions"}],"predecessor-version":[{"id":40057,"href":"https:\/\/www.obispado-mdp.org.ar\/a\/wp-json\/wp\/v2\/posts\/40056\/revisions\/40057"}],"wp:featuredmedia":[{"embeddable":true,"href":"https:\/\/www.obispado-mdp.org.ar\/a\/wp-json\/wp\/v2\/media\/31440"}],"wp:attachment":[{"href":"https:\/\/www.obispado-mdp.org.ar\/a\/wp-json\/wp\/v2\/media?parent=40056"}],"wp:term":[{"taxonomy":"category","embeddable":true,"href":"https:\/\/www.obispado-mdp.org.ar\/a\/wp-json\/wp\/v2\/categories?post=40056"},{"taxonomy":"post_tag","embeddable":true,"href":"https:\/\/www.obispado-mdp.org.ar\/a\/wp-json\/wp\/v2\/tags?post=40056"}],"curies":[{"name":"wp","href":"https:\/\/api.w.org\/{rel}","templated":true}]}}