{"id":40189,"date":"2023-05-05T18:22:32","date_gmt":"2023-05-05T21:22:32","guid":{"rendered":"https:\/\/www.obispado-mdp.org.ar\/a\/?p=40189"},"modified":"2023-05-05T18:28:25","modified_gmt":"2023-05-05T21:28:25","slug":"celebracion-religiosa-en-el-batancito","status":"publish","type":"post","link":"https:\/\/www.obispado-mdp.org.ar\/a\/celebracion-religiosa-en-el-batancito\/","title":{"rendered":"CELEBRACI\u00d3N RELIGIOSA EN EL BATANCITO."},"content":{"rendered":"\n<p class=\"has-pale-cyan-blue-background-color has-background\">   <strong>El padre obispo Gabriel, acompa\u00f1ado de la comunidad de la Pastoral Carcelaria, presidi\u00f3 la celebraci\u00f3n de la Misa junto al P Francisco L\u00e1zaro, donde administraron los sacramentos del bautismo y comuni\u00f3n en el instituto cerrado de menores de Mar del Plata denominado Batancito.<\/strong><\/p>\n\n\n\n<p>Durante la celebraci\u00f3n religiosa tres j\u00f3venes recibieron el sacramento de la comuni\u00f3n y cinco el bautismo. El padre obispo estuvo acompa\u00f1ado del grupo de personas que integran el equipo de pastoral Carcelaria, j\u00f3venes y adultos que todos los viernes visitan el Batancito y colaboran con los menores en su formaci\u00f3n para el acceso a los sacramento.<\/p>\n\n\n\n<figure class=\"wp-container-2 wp-block-gallery-1 wp-block-gallery has-nested-images columns-default is-cropped\">\n<figure class=\"wp-block-image size-large\"><img loading=\"lazy\" width=\"1024\" height=\"576\" data-id=\"40190\"  src=\"https:\/\/www.obispado-mdp.org.ar\/a\/wp-content\/uploads\/2023\/05\/3dea4cf2-7008-4a66-b327-4f35dfe035fe-1024x576.jpg\" alt=\"\" class=\"wp-image-40190\"\/><\/figure>\n\n\n\n<figure class=\"wp-block-image size-large\"><img loading=\"lazy\" width=\"1024\" height=\"576\" data-id=\"40194\"  src=\"https:\/\/www.obispado-mdp.org.ar\/a\/wp-content\/uploads\/2023\/05\/batancito-1024x576.jpg\" alt=\"\" class=\"wp-image-40194\"\/><\/figure>\n\n\n\n<figure class=\"wp-block-image size-large\"><img loading=\"lazy\" width=\"1024\" height=\"576\" data-id=\"40193\"  src=\"https:\/\/www.obispado-mdp.org.ar\/a\/wp-content\/uploads\/2023\/05\/batancito1-1024x576.jpg\" alt=\"\" class=\"wp-image-40193\"\/><\/figure>\n\n\n\n<figure class=\"wp-block-image size-large\"><img loading=\"lazy\" width=\"576\" height=\"1024\" data-id=\"40192\"  src=\"https:\/\/www.obispado-mdp.org.ar\/a\/wp-content\/uploads\/2023\/05\/batancito2-576x1024.jpg\" alt=\"\" class=\"wp-image-40192\"\/><\/figure>\n\n\n\n<figure class=\"wp-block-image size-large\"><img loading=\"lazy\" width=\"1024\" height=\"576\" data-id=\"40195\"  src=\"https:\/\/www.obispado-mdp.org.ar\/a\/wp-content\/uploads\/2023\/05\/batancito4-1024x576.jpg\" alt=\"\" class=\"wp-image-40195\"\/><\/figure>\n\n\n\n<figure class=\"wp-block-image size-large\"><img loading=\"lazy\" width=\"1024\" height=\"576\" data-id=\"40191\"  src=\"https:\/\/www.obispado-mdp.org.ar\/a\/wp-content\/uploads\/2023\/05\/batancito5-1024x576.jpg\" alt=\"\" class=\"wp-image-40191\"\/><\/figure>\n<\/figure>\n","protected":false},"excerpt":{"rendered":"<p>El padre obispo Gabriel, acompa\u00f1ado de la comunidad de la Pastoral Carcelaria, presidi\u00f3 la celebraci\u00f3n de la Misa junto al P Francisco L\u00e1zaro, donde administraron los sacramentos del bautismo y comuni\u00f3n en el instituto cerrado de menores de Mar del Plata denominado Batancito. Durante la celebraci\u00f3n religiosa tres j\u00f3venes recibieron el sacramento de la comuni\u00f3n [&hellip;]<\/p>\n","protected":false},"author":4,"featured_media":40196,"comment_status":"open","ping_status":"open","sticky":false,"template":"","format":"standard","meta":{"_et_pb_use_builder":"","_et_pb_old_content":"","_et_gb_content_width":""},"categories":[4,11],"tags":[],"aioseo_notices":[],"_links":{"self":[{"href":"https:\/\/www.obispado-mdp.org.ar\/a\/wp-json\/wp\/v2\/posts\/40189"}],"collection":[{"href":"https:\/\/www.obispado-mdp.org.ar\/a\/wp-json\/wp\/v2\/posts"}],"about":[{"href":"https:\/\/www.obispado-mdp.org.ar\/a\/wp-json\/wp\/v2\/types\/post"}],"author":[{"embeddable":true,"href":"https:\/\/www.obispado-mdp.org.ar\/a\/wp-json\/wp\/v2\/users\/4"}],"replies":[{"embeddable":true,"href":"https:\/\/www.obispado-mdp.org.ar\/a\/wp-json\/wp\/v2\/comments?post=40189"}],"version-history":[{"count":1,"href":"https:\/\/www.obispado-mdp.org.ar\/a\/wp-json\/wp\/v2\/posts\/40189\/revisions"}],"predecessor-version":[{"id":40197,"href":"https:\/\/www.obispado-mdp.org.ar\/a\/wp-json\/wp\/v2\/posts\/40189\/revisions\/40197"}],"wp:featuredmedia":[{"embeddable":true,"href":"https:\/\/www.obispado-mdp.org.ar\/a\/wp-json\/wp\/v2\/media\/40196"}],"wp:attachment":[{"href":"https:\/\/www.obispado-mdp.org.ar\/a\/wp-json\/wp\/v2\/media?parent=40189"}],"wp:term":[{"taxonomy":"category","embeddable":true,"href":"https:\/\/www.obispado-mdp.org.ar\/a\/wp-json\/wp\/v2\/categories?post=40189"},{"taxonomy":"post_tag","embeddable":true,"href":"https:\/\/www.obispado-mdp.org.ar\/a\/wp-json\/wp\/v2\/tags?post=40189"}],"curies":[{"name":"wp","href":"https:\/\/api.w.org\/{rel}","templated":true}]}}